{"id":512512,"date":"2020-11-19T16:46:19","date_gmt":"2020-11-19T15:46:19","guid":{"rendered":"http:\/\/www.ivg.it\/?p=512512"},"modified":"2020-11-19T16:49:09","modified_gmt":"2020-11-19T15:49:09","slug":"da-un-contest-alassio-lancia-un-calendario-benefico-il-ricavato-devoluto-alloncologia-del-santa-corona","status":"publish","type":"post","link":"https:\/\/staging.ivg.it\/2020\/11\/da-un-contest-alassio-lancia-un-calendario-benefico-il-ricavato-devoluto-alloncologia-del-santa-corona\/","title":{"rendered":"Da un contest Alassio lancia un calendario benefico: il ricavato devoluto all&#8217;Oncologia del Santa Corona"},"content":{"rendered":"<p><strong>Alassio<\/strong>. Quest&#8217;anno Alassio ha dovuto rinunciare alla Festa dei Colori, ma non ai colori e alla <strong>solidariet\u00e0<\/strong> lanciando una <strong>challenge social<\/strong>. E&#8217; stata realizzata infatti un&#8217;iniziativa benefica organizzata dal Consorzio un Mare di Shopping, patrocinata dal Comune di Alassio, che sta coinvolgendo tutta la citt\u00e0.<\/p>\n<p>I sette colori che dipingono i sette rioni alassini hanno cos\u00ec lanciato un contest social: sette i costumi, uno per ogni colore che ognuno ha realizzato e fotografato, su scenografie splendide e suggestive che Alassio pu\u00f2 offrire. Le immagini di questi costumi sono state pubblicate sugli account Facebook e Instagram di VisitAlassio e sono state votate con i Like e i cuori dei differenti social.<\/p>\n<p>Di qui l&#8217;idea di un calendario, ma non un calendario qualsiasi: il &#8220;Calendario della Festa dei Colori per Alessia&#8221;, amica e collega indimenticabile dei commercianti alassini (<strong><a href=\"https:\/\/www.ivg.it\/2020\/10\/alassio-scompare-a-soli-44-anni-la-commerciante-alessia-castagnino-ha-lottato-a-lungo-contro-un-brutto-male\/\"><em>leggi qui<\/em><\/a><\/strong>). &#8220;<strong>Il ricavato della vendita dei calendari<\/strong>, tolte spese &#8211; spiegano dal Consorzio un Mare di Shopping, che ha lanciato l&#8217;iniziativa &#8211; <strong>andr\u00e0 al Day Hospital Oncologia dell&#8217;Ospedale Santa Corona<\/strong>, per rendere pi\u00f9 accogliente la sala d&#8217;aspetto e rendere pi\u00f9 confortevole un momento cos\u00ec delicato per i pazienti&#8221;.<\/p>\n<p>&#8220;<strong>La Festa dei Colori<\/strong> &#8211; aggiungono dall&#8217;amministrazione comunale &#8211; <strong>\u00e8 diventata il cuore delle manifestazioni estive della nostra citt\u00e0<\/strong>, ma quello in cui si \u00e8 trasformata quest&#8217;anno non solo d\u00e0 il polso dello spirito che anima la cittadinanza, ma anche del desiderio di non mollare, di ricercare, in un contesto cos\u00ec anomalo, normalit\u00e0, gioia di vivere e colore. Di qui il sostegno e il patrocinio comunale alle iniziative che, non ci sorprende, hanno gi\u00e0 raccolto l&#8217;entusiasmo e la collaborazione di tanti, tantissimi alassini&#8221;.<\/p>\n<p><strong>Una vera e propria gara di solidariet\u00e0<\/strong> a partire da chi come l&#8217;Alassio Wave Walking, Marcia Acquatica Cnam, il Centro Medico Ippocrate Alassio, la comunit\u00e0 della Chiesa San Giovanni Battista Alassio e Spinnaker Boutiques\u200b hanno da subito sostenuto il progetto a chi si \u00e8 gi\u00e0 offerto di vendere i calendari. L&#8217;elenco degli esercizi commerciali in cui trovare il Calendario della Festa dei Colori per Alessia \u00e8 davvero lungo e sta ancora crescendo.<\/p>\n<p>&#8220;<strong>Abbiamo anche pensato a un servizio spedizione express in tutta Italia<\/strong> &#8211; spiegano dal Consorzio Un Mare di Shopping &#8211; visti i limiti di lockdown vari e per implementare l&#8217;idea di &#8220;Alassio a Casa Tua&#8221; che \u00e8 logo e claim del calendario ma anche il servizio, ancora in via di sviluppo, pensato per le vendite a distanza&#8221;. Ogni calendario pu\u00f2 essere acquistato con un&#8217;offerta minima di 5 euro e per riceverlo a casa, via corriere, basta effettuare un bonifico a IBAN: IT88I0853049240000380102058 intestato a Consorzio Alassio un mare di Shopping di almeno 20,00 per una copia e 5 euro in pi\u00f9 per ogni copia aggiuntiva allo stesso indirizzo. Nel bonifico specificare &#8220;Per Donazione Day Hospital Santa Corona&#8221;<\/p>\n<p>Una volta effettuato il bonifico sar\u00e0 sufficiente mandare un messaggio con il proprio indirizzo, cui spedire il tutto scegliendo tra: Messaggeria del profilo instagram festadeicolorialassio o alassiounmaredishopping; Messenger Facebook alassiounmaredishopping; whatsapp 3405086451; o mail alassioacasatua@gmail.com. Con la stessa causale si pu\u00f2 fare donazioni anche senza voler ricevere il calendario che verranno destinati interamente alla causa.<\/p>\n<p>&#8220;Il lungo elenco di attivit\u00e0, persone, associazioni, professionisti e volontari coinvolti &#8211; aggiungono dall&#8217;amministrazione comunale &#8211; la dice lunga sulla partecipazione della citt\u00e0, il desiderio di esserci e di costruire insieme. Ora l&#8217;appuntamento \u00e8 lanciato: a luglio 2021 la Festa torner\u00e0 in strada ma nel frattempo continuer\u00e0 ancora su Instagram con ulteriori nuove immagini. Alassio \u00e8 a Colori tutto l&#8217;anno&#8221;.<\/p>\n<p><strong>Al momento sono 50 gli esercizi commerciali in cui trovare il calendario<\/strong>, ma l&#8217;elenco \u00e8 in continuo aggiornamento:<\/p>\n<p>Adidas Originals \u2013 V.A.Gramsci, 11; AG Parrucchieri \u2013 V.le G.Marconi, 10; Amarcord \u2013 V.V.Veneto, 150; Arte del Ricamo Fiorentino \u2013 V. XX Settembre, 155; Atipici \u2013 V. XX Settembre, 85; Atipici \u2013 V. XX Settembre, 65; Bookstop \u2013 V.L. Da Vinci, 60; Calzedonia \u2013 V. XX Settembre, 9; Cartoleria Da Vinci \u2013 V.L.Da Vinci, 76; David Firenze \u2013 C.so Dante, 348; Dieci HP \u2013 Vico Zara, 5; Ecochic \u2013 V.V.Veneto, 54; Eleganza Donna \u2013 V.le G.Marconi, 1; Eleganza Uomo \u2013 V.le G.Marconi, 4; Fanny Davis \u2013 P.zza Partigiani, 29;Fantoni \u2013 C.so Dante, 294; Flores \u2013 V.le G.Marconi, 16; Four Project \u2013 V.G.Garibaldi, 3; Iebole Ambrogio \u2013 V. XX Settembre, 33; Iebole Marisa \u2013 C.so Dante, 245; Jari&#8217;Style \u2013 V. XX Settembre, 134; L&#8217;Albero Degli Zoccoli \u2013 V. XX Settembre, 49; L&#8217;Oasi Benessere \u2013 V.le D.Hanbury, 27; La Pecora Nera \u2013 V.A.Volta, 30; Lavanderia Self-Service \u2013 V.P.Ferreri, 24; Medagliani Gioielleria \u2013 V.V.Veneto, 62; Midali \u2013 V.V.Veneto, 14\u200b; Mila Merceria \u2013 V. XX Settembre, 34; My Style \u2013 V.V.Veneto, 56; Mya Gioielli \u2013 V.V.Veneto, 115; North Sails \u2013 V. XX Settembre, 159; Oissala \u2013 V. XX Settembre, 165; Ottica Ottobelli \u2013 V. XX Settembre, 111; Ottica Siniscalchi \u2013 V.V.Veneto, 8; Parah \u2013 C.so Dante, 203; Pelletteria Giancarlo \u2013 V.Brennero, 9; Pino Giocattoli \u2013 V.V.Veneto, 114; Profumeria Mila e Rossella \u2013 V. XX Settembre, 189; Richard \u2013 C.so Dante, 288; Silvana Gioielli \u2013 V.XX settembre, 3; Silvana Gioielli \u2013 V.Brennero, 8; Slam \u2013 C.so Dante, 283; Studio Dott. Luca Musella \u2013 V.Nino Bixio, 8; Studio Rodriguez \u2013 P.zza Partigiani, 22; Terra \u2013 V.le G.Marconi, 13; TiStella \u2013 V.le G.Marconi, 25; Time \u2013 V.Brennero, 10; Valigeria Polli \u2013 V.Don Minzoni, 20; Valmoda \u2013 V.V.Veneto, 4; Vista Center \u2013 P.zza Partigiani, 1; W68 \u2013 V.XX settembre, 143; YaYa Boutique \u2013 V.Don Minzoni, 26.<\/p>\n","protected":false},"excerpt":{"rendered":"<p>L&#8217;elenco delle attivit\u00e0 commerciali dove poter acquistare il calendario<\/p>\n","protected":false},"author":18838,"featured_media":0,"comment_status":"open","ping_status":"closed","sticky":false,"template":"","format":"standard","meta":{"footnotes":""},"categories":[45296,56,57715],"tags":[47731],"class_list":["post-512512","post","type-post","status-publish","format-standard","hentry","category-copertina","category-altre","category-no-profit","tag-festa-dei-colori","post_cat_citta-alassio"],"amp_validity":null,"amp_enabled":true,"_links":{"self":[{"href":"https:\/\/staging.ivg.it\/ediapi\/wp\/v2\/posts\/512512","targetHints":{"allow":["GET"]}}],"collection":[{"href":"https:\/\/staging.ivg.it\/ediapi\/wp\/v2\/posts"}],"about":[{"href":"https:\/\/staging.ivg.it\/ediapi\/wp\/v2\/types\/post"}],"author":[{"embeddable":true,"href":"https:\/\/staging.ivg.it\/ediapi\/wp\/v2\/users\/18838"}],"replies":[{"embeddable":true,"href":"https:\/\/staging.ivg.it\/ediapi\/wp\/v2\/comments?post=512512"}],"version-history":[{"count":0,"href":"https:\/\/staging.ivg.it\/ediapi\/wp\/v2\/posts\/512512\/revisions"}],"wp:attachment":[{"href":"https:\/\/staging.ivg.it\/ediapi\/wp\/v2\/media?parent=512512"}],"wp:term":[{"taxonomy":"category","embeddable":true,"href":"https:\/\/staging.ivg.it\/ediapi\/wp\/v2\/categories?post=512512"},{"taxonomy":"post_tag","embeddable":true,"href":"https:\/\/staging.ivg.it\/ediapi\/wp\/v2\/tags?post=512512"}],"curies":[{"name":"wp","href":"https:\/\/api.w.org\/{rel}","templated":true}]}}