{"id":512368,"date":"2020-11-18T08:05:54","date_gmt":"2020-11-18T07:05:54","guid":{"rendered":"https:\/\/www.ivg.it\/?p=512368"},"modified":"2020-11-18T08:05:54","modified_gmt":"2020-11-18T07:05:54","slug":"la-bottega-dei-cereali-compie-50-anni","status":"publish","type":"post","link":"https:\/\/staging.ivg.it\/2020\/11\/la-bottega-dei-cereali-compie-50-anni\/","title":{"rendered":"La Bottega dei Cereali compie 50 anni"},"content":{"rendered":"<p>La Bottega dei Cereali di Savona festeggia 50 anni di attivit\u00e0: traguardo importante per una delle pi\u00f9 caratteristiche attivit\u00e0 nel settore alimentare del panorama savonese.<\/p>\n<p>Realt\u00e0 nata nel 1970 con mamma Giuseppina, per tutti \u201cJose\u201d, e portata avanti dalla figlia Giovanna, sempre in piazza Bologna 7.\u00a0Da sempre specializzata nella vendita sfusa, \u00e8 oggi un punto di riferimento per la vendita BIO nella citt\u00e0 della Torretta.<\/p>\n<p>\u201cNonostante il momento difficile che tutti stiamo vivendo, abbiamo voluto confermare l\u2019evento per condividere con i nostri clienti questo traguardo che ci riempie di orgoglio. Un grazie a loro, che quotidianamente, da anni, ad ogni spesa condividono con noi un\u2019emozione e che ci permettono di continuare a crescere umanamente e professionalmente\u201c, dice la titolare Giovanna.<\/p>\n<p>Fino al 21 novembre, sempre nel rispetto delle disposizioni anti-contagio, Giovanna e Renato vi aspettano in negozio in piazza Bologna 7 per importanti sconti ed iniziative.<\/p>\n","protected":false},"excerpt":{"rendered":"<p>La Bottega dei Cereali di Savona festeggia 50 anni di attivit\u00e0: traguardo importante per una delle pi\u00f9 caratteristiche attivit\u00e0 nel settore alimentare del panorama savonese. Realt\u00e0 nata nel 1970 con mamma Giuseppina, per tutti \u201cJose\u201d, e portata avanti dalla figlia Giovanna, sempre in piazza Bologna 7.\u00a0Da sempre specializzata nella vendita sfusa, \u00e8 oggi un punto [&hellip;]<\/p>\n","protected":false},"author":20995,"featured_media":0,"comment_status":"open","ping_status":"closed","sticky":false,"template":"","format":"standard","meta":{"footnotes":""},"categories":[92063],"tags":[],"class_list":["post-512368","post","type-post","status-publish","format-standard","hentry","category-auguri"],"amp_validity":null,"amp_enabled":true,"_links":{"self":[{"href":"https:\/\/staging.ivg.it\/ediapi\/wp\/v2\/posts\/512368","targetHints":{"allow":["GET"]}}],"collection":[{"href":"https:\/\/staging.ivg.it\/ediapi\/wp\/v2\/posts"}],"about":[{"href":"https:\/\/staging.ivg.it\/ediapi\/wp\/v2\/types\/post"}],"author":[{"embeddable":true,"href":"https:\/\/staging.ivg.it\/ediapi\/wp\/v2\/users\/20995"}],"replies":[{"embeddable":true,"href":"https:\/\/staging.ivg.it\/ediapi\/wp\/v2\/comments?post=512368"}],"version-history":[{"count":0,"href":"https:\/\/staging.ivg.it\/ediapi\/wp\/v2\/posts\/512368\/revisions"}],"wp:attachment":[{"href":"https:\/\/staging.ivg.it\/ediapi\/wp\/v2\/media?parent=512368"}],"wp:term":[{"taxonomy":"category","embeddable":true,"href":"https:\/\/staging.ivg.it\/ediapi\/wp\/v2\/categories?post=512368"},{"taxonomy":"post_tag","embeddable":true,"href":"https:\/\/staging.ivg.it\/ediapi\/wp\/v2\/tags?post=512368"}],"curies":[{"name":"wp","href":"https:\/\/api.w.org\/{rel}","templated":true}]}}