{"id":51226,"date":"2009-02-25T14:34:45","date_gmt":"2009-02-25T13:34:45","guid":{"rendered":"http:\/\/www.ivg.it\/2009\/02\/25\/savona-parcheggi-sotterranei-e-nuova-viabilita-le-idee-di-caviglia-per-la-mobilita\/"},"modified":"2009-02-26T10:54:45","modified_gmt":"2009-02-26T09:54:45","slug":"savona-parcheggi-sotterranei-e-nuova-viabilita-le-idee-di-caviglia-per-la-mobilita","status":"publish","type":"post","link":"https:\/\/staging.ivg.it\/2009\/02\/savona-parcheggi-sotterranei-e-nuova-viabilita-le-idee-di-caviglia-per-la-mobilita\/","title":{"rendered":"Savona, nuova viabilit\u00e0: le idee di Caviglia per la mobilit\u00e0"},"content":{"rendered":"<p><strong>[thumb:9543:l]Savona. <\/strong>Trasporto di persone e merci nell&#8217;area urbana, trasporto pubblico, grandi infrastrutture e loro interazioni con la ferrovia, nuovo rapporto con le societ\u00e0 titolari di concessioni autostradali. Sono queste alcune delle direttrici su cui il vicesindaco Paolo Caviglia, in qualit\u00e0 di neo-assessore alla mobilit\u00e0 urbana, intende muoversi. &#8220;Come gi\u00e0 annunciato dal sindaco Berruti &#8211; ha dichiarato Caviglia &#8211; abbiamo intenzione di procedere con la pianificazione di settore, attraverso il piano della mobilit\u00e0, dei parcheggi e delle piste ciclabili. Per raggiungere questi obiettivi \u00e8 necessario assumere un impegno politico specifico, integrato con progetti innovativi&#8221;.<\/p>\n<p>&#8220;In questo ambito &#8211; ha proseguito il vicesindaco &#8211; abbiamo preso atto della proposta di parcheggi interrati in concessione, formulata dalla sezione imprenditori edili dell&#8217;Unione Industriali di Savona, che verr\u00e0 valutata secondo i necessari iter procedurali. E&#8217; bene ricordare che, in mancanza di risorse pubbliche, occorre seguire le procedure della legge Tognoli per costruire parcheggi sotterranei in tutte le piazze e restituirle ai savonesi. Il piano urbanistico dei parcheggi infatti dovr\u00e0 prevedere un adeguato numero di posteggi, pubblici e privati, attorno al centro cittadino e distribuiti in tutti i quartieri, in modo da rendere nuovamente vivibili le bellissime piazze della nostra citt\u00e0&#8221;.<\/p>\n<p>Sono nove le ipotesi di parcheggi interrati presentate al Comune dalla sezione edili dell&#8217;Unione Industriali, che spaziano da piazza Giulio II a piazza Sisto IV, da via Beato Ottaviano, nel quartiere della Villetta, a via Falletti, nella zona di Villapiana. Ulteriori possibili siti sarebbero stati individuati nelle centralissime piazze Diaz, Mameli, Marconi e Saffi, ma anche nell&#8217;Oltreletimbro, in piazza Martiri della Libert\u00e0. Tutti i posteggi sarebbero costituiti da un numero di livelli sotterranei variabile da due a quattro, con la sola eccezione di via Falletti: qui infatti non si prevedono scavi ma la nascita di una superficie di copertura.<\/p>\n<p>&#8220;La rapida definizione del piano \u00e8 uno dei passi da compiere&#8221; ha spiegato l&#8217;assessore alla mobilit\u00e0 urbana, continuando poi: &#8220;E&#8217; importante ora procedere ad un&#8217;unificazione del settore in una visione unitaria che, anche grazie al reperimento di fondi in sede regionale ed extraregionale, miri a rendere la viabilit\u00e0 pi\u00f9 sicura e pi\u00f9 sostenibile per tutti gli utenti della strada, magari attraverso maggiori investimenti nel trasporto pubblico&#8221;.<\/p>\n<p>&#8220;Dobbiamo infatti considerare la mobilit\u00e0 nel suo complesso, che comprende tanti tasselli da comporre&#8221; ha detto Caviglia, concludento poi: &#8220;A Savona si muovono persone, auto, moto, camion, furgoni e mezzi del trasporto pubblico. Si deve dunque tenere conto delle esigenze del traffico commerciale come di quelle di pedoni e automobilisti, organizzando le strutture viarie sotto una regia globale che permetta un trasporto pubblico efficiente e rivolto ad un maggiore bacino d&#8217;utenza. Un passo importante, avviato da Acts, che deve integrarsi con il trasporto ferroviario e con sistemi a minor impatto ambientale: car sharing e bike sharing, percorsi pedonali protetti, piste ciclabili, posteggi pubblici in struttura, isole pedonali e zone a traffico limitato&#8221;.<\/p>\n","protected":false},"excerpt":{"rendered":"<p>[thumb:9543:l]Savona. Trasporto di persone e merci nell&#8217;area urbana, trasporto pubblico, grandi infrastrutture e loro interazioni con la ferrovia, nuovo rapporto con le societ\u00e0 titolari di concessioni autostradali. Sono queste alcune delle direttrici su cui il vicesindaco Paolo Caviglia, in qualit\u00e0 di neo-assessore alla mobilit\u00e0 urbana, intende muoversi. &#8220;Come gi\u00e0 annunciato dal sindaco Berruti &#8211; ha [&hellip;]<\/p>\n","protected":false},"author":13744,"featured_media":0,"comment_status":"open","ping_status":"closed","sticky":false,"template":"","format":"standard","meta":{"footnotes":""},"categories":[],"tags":[86019,3233,691,5933,85850,592],"class_list":["post-51226","post","type-post","status-publish","format-standard","hentry","tag-comune","tag-paolo-caviglia","tag-parcheggi","tag-piste-ciclabili","tag-savona","tag-traffico","post_cat_citta-savona"],"amp_validity":null,"amp_enabled":true,"_links":{"self":[{"href":"https:\/\/staging.ivg.it\/ediapi\/wp\/v2\/posts\/51226","targetHints":{"allow":["GET"]}}],"collection":[{"href":"https:\/\/staging.ivg.it\/ediapi\/wp\/v2\/posts"}],"about":[{"href":"https:\/\/staging.ivg.it\/ediapi\/wp\/v2\/types\/post"}],"author":[{"embeddable":true,"href":"https:\/\/staging.ivg.it\/ediapi\/wp\/v2\/users\/13744"}],"replies":[{"embeddable":true,"href":"https:\/\/staging.ivg.it\/ediapi\/wp\/v2\/comments?post=51226"}],"version-history":[{"count":0,"href":"https:\/\/staging.ivg.it\/ediapi\/wp\/v2\/posts\/51226\/revisions"}],"wp:attachment":[{"href":"https:\/\/staging.ivg.it\/ediapi\/wp\/v2\/media?parent=51226"}],"wp:term":[{"taxonomy":"category","embeddable":true,"href":"https:\/\/staging.ivg.it\/ediapi\/wp\/v2\/categories?post=51226"},{"taxonomy":"post_tag","embeddable":true,"href":"https:\/\/staging.ivg.it\/ediapi\/wp\/v2\/tags?post=51226"}],"curies":[{"name":"wp","href":"https:\/\/api.w.org\/{rel}","templated":true}]}}