{"id":511868,"date":"2020-11-10T19:16:45","date_gmt":"2020-11-10T18:16:45","guid":{"rendered":"http:\/\/www.ivg.it\/?p=511868"},"modified":"2020-11-10T19:31:48","modified_gmt":"2020-11-10T18:31:48","slug":"senso-unico-sul-lungomare-a-pietra-nessun-dietrofront-di-sindaco-e-maggioranza","status":"publish","type":"post","link":"https:\/\/staging.ivg.it\/2020\/11\/senso-unico-sul-lungomare-a-pietra-nessun-dietrofront-di-sindaco-e-maggioranza\/","title":{"rendered":"Senso unico sul lungomare a Pietra, nessun dietrofront di sindaco e maggioranza"},"content":{"rendered":"<p><strong>Pietra Ligure.<\/strong> Bagarre in Consiglio comunale a Pietra Ligure sul senso unico per il lungomare del centro pietrese deciso dall&#8217;amministrazione comunale a seguito dei lavori di restyling della passeggiata lato monte.<\/p>\n<p>Bocciata la richiesta del consigliere comunale di minoranza Mario Carrara di ritornare al doppio senso, con sindaco e maggioranza che hanno confermato la scelta di viabilit\u00e0. Nel mirino dell&#8217;esponente di oppposizione anche l&#8217;ordinanza con la quale era stato stabilito il senso unico: &#8220;Si vincolava il senso unico &#8220;temporaneamente&#8221; per la sola durata dei lavori in corso e, comunque, ed in ogni caso, non per una parte del lungomare, com&#8217;\u00e8 stato fatto, ma per tutta la sua intera lunghezza, dal ponte del Maremola fino al passaggio a livello, quindi ben diverso dalla realt\u00e0&#8221;.<\/p>\n<p>La risposta del sindaco Luigi De Vincenzi non si \u00e8 fatta attendere: &#8220;Evidentemente il consigliere Carrara non si \u00e8 accorto che i lavori non sono ancora finiti e termineranno tra una quindicina di giorni, in seguito faremo una nuova e specifica ordinanza per la viabilit\u00e0: tra l&#8217;altro, il senso unico \u00e8 per un parte del lungomare, in quanto nel primo tratto verso ponente persiste e rimarr\u00e0 ancora il doppio senso di marcia&#8221;. <\/p>\n<p>Quanto alle situazioni di disagio per le attivit\u00e0 del centro pietrese e le code che si verificano, come conseguenza, anche sulla via Aurelia: &#8220;La decisione \u00e8 stata presa in maniera ponderata, sentendo le categorie, attraverso analisi e verifiche tecniche. Chi vuole recarsi in centro si pu\u00f2 tranquillamente fermare e nulla \u00e8 cambiato, abbiamo semplicemente voluto stoppare una circolazione di esclusivo transito stradale e veicolare che oggettivamente creava caos e confusione, senza contare i vantaggi nella riduzione dell&#8217;inquinamento atmosferico e acustico, oltre ad una maggiore sicurezza stradale per i pedoni&#8221;.<\/p>\n<p>&#8220;Il lungomare del nostro centro non pu\u00f2 essere considerato una strada di transito. Per quanto riguarda la via Aurelia, le code e il traffico intenso in certe ore della giornata ci sono sempre stati. Ora, magari, sono aumentati proprio per un afflusso veicolare di quanti prima usavano il lungomare proprio per esclusivo transito&#8221; afferma il primo cittadino pietrese.<\/p>\n<p>Altro punto chiave \u00e8 il passaggio a livello: la sua chiusura genera una situazione di &#8220;tappo&#8221; e prolungati incolonnamenti: &#8220;Fino a quanto ci sar\u00e0 un passaggio a livello ferroviario non ci potr\u00e0 essere un senso unico sul lungomare, a meno che non si vogliano consapevolmente creare gravi conseguenze per la cittadina, come quelle che si vedono. \u00c8 il passaggio a livello ferroviario il problema della viabilit\u00e0 del centro di Pietra Ligure&#8221; sottolinea Carrara, che ha ricordato un precedente storico: &#8220;Se n&#8217;era gi\u00e0 accorto il Principe Umberto di Savoia nel 1940 quando dopo una parata militare sull&#8217;Aurelia, che allora passava sul lungomare, fu bloccato per lungo tempo col suo seguito di ministri e dignitari dal passaggio a livello chiuso: da l\u00ec la decisione di costruire la variante a monte, ovvero l&#8217;attuale via Aurelia&#8221;.<\/p>\n<p>La risposta in Consiglio comunale da parte del sindaco e della maggioranza ha evidenziato la necessit\u00e0 di risolvere i troppo prolungati abbassamenti della sbarra: &#8220;Abbiamo gi\u00e0 sottolineato la questione alle Ferrovie e l&#8217;obiettivo \u00e8 arrivare ad una velocizzazione delle aperture del passaggio a livello per evitare disagi e blocchi eccessivi al flusso viario quando non necessario alla circolazione ferroviaria: da questo punto attendiamo un pronto riscontro da parte di Fs&#8221; conclude il sindaco De Vincenzi.<\/p>\n","protected":false},"excerpt":{"rendered":"<p>In Consiglio comunale bocciata la richiesta del consigliere Carrara di ritornare al doppio senso<\/p>\n","protected":false},"author":4,"featured_media":0,"comment_status":"open","ping_status":"closed","sticky":false,"template":"","format":"standard","meta":{"footnotes":""},"categories":[45296,35,31],"tags":[50842,111399,15934],"class_list":["post-511868","post","type-post","status-publish","format-standard","hentry","category-copertina","category-economia","category-politica","tag-consiglio-comunale-pietra","tag-lungomare-pietra","tag-senso-unico","post_cat_citta-pietra-ligure","post_tag_personaggi-luigi-de-vincenzi","post_tag_personaggi-mario-carrara"],"amp_validity":null,"amp_enabled":true,"_links":{"self":[{"href":"https:\/\/staging.ivg.it\/ediapi\/wp\/v2\/posts\/511868","targetHints":{"allow":["GET"]}}],"collection":[{"href":"https:\/\/staging.ivg.it\/ediapi\/wp\/v2\/posts"}],"about":[{"href":"https:\/\/staging.ivg.it\/ediapi\/wp\/v2\/types\/post"}],"author":[{"embeddable":true,"href":"https:\/\/staging.ivg.it\/ediapi\/wp\/v2\/users\/4"}],"replies":[{"embeddable":true,"href":"https:\/\/staging.ivg.it\/ediapi\/wp\/v2\/comments?post=511868"}],"version-history":[{"count":0,"href":"https:\/\/staging.ivg.it\/ediapi\/wp\/v2\/posts\/511868\/revisions"}],"wp:attachment":[{"href":"https:\/\/staging.ivg.it\/ediapi\/wp\/v2\/media?parent=511868"}],"wp:term":[{"taxonomy":"category","embeddable":true,"href":"https:\/\/staging.ivg.it\/ediapi\/wp\/v2\/categories?post=511868"},{"taxonomy":"post_tag","embeddable":true,"href":"https:\/\/staging.ivg.it\/ediapi\/wp\/v2\/tags?post=511868"}],"curies":[{"name":"wp","href":"https:\/\/api.w.org\/{rel}","templated":true}]}}