{"id":511831,"date":"2020-11-10T13:33:33","date_gmt":"2020-11-10T12:33:33","guid":{"rendered":"http:\/\/www.ivg.it\/?p=511831"},"modified":"2020-11-10T15:22:20","modified_gmt":"2020-11-10T14:22:20","slug":"lasl2-nel-mirino-dei-vandali-danneggiate-le-auto-in-sosta-a-santa-rita","status":"publish","type":"post","link":"https:\/\/staging.ivg.it\/2020\/11\/lasl2-nel-mirino-dei-vandali-danneggiate-le-auto-in-sosta-a-santa-rita\/","title":{"rendered":"L&#8217;Asl 2 nel mirino dei vandali: danneggiate le auto in sosta a Santa Rita"},"content":{"rendered":"<p><strong>Savona<\/strong>. I mezzi dell&#8217;Asl2 savonese nel mirino dei vandali.<\/p>\n<p>Questa notte alcuni ignoti hanno forato le gomme delle auto di servizio dell&#8217;Azienda Sanitaria Locale parcheggiate davanti alla sede di via Collodi a Savona. Ma danni simili sono stati inflitti anche alle altre auto &#8220;marchiate&#8221; Asl posteggiate in via Giusti e via Aleardi. In tutto colpita una decina di veicoli.<\/p>\n<p>Ad accorgersi del danno subito (ogni macchina aveva una o pi\u00f9 gomme squarciate) sono stati i dipendenti al loro arrivo in ufficio questa mattina.<\/p>\n<p>Ad occuparsi della vicenda sar\u00e0 la polizia locale di Savona, presso la quale \u00e8 gi\u00e0 stata sporta denuncia. Qualche elemento utile alle indagini potrebbe giungere dalle telecamere di sorveglianza presenti in zona.<\/p>\n<p>Finora non sono stati rinvenuti n\u00e9 \u201crivendicazioni\u201d n\u00e9 altri elementi che possano spiegare le ragioni del gesto.<\/p>\n","protected":false},"excerpt":{"rendered":"<p>Ad occuparsi della vicenda sar\u00e0 la polizia locale di Savona<\/p>\n","protected":false},"author":12120,"featured_media":0,"comment_status":"open","ping_status":"closed","sticky":false,"template":"","format":"standard","meta":{"footnotes":""},"categories":[45296,34],"tags":[8648,24469,24852],"class_list":["post-511831","post","type-post","status-publish","format-standard","hentry","category-copertina","category-cronaca","tag-asl2-savonese","tag-atto-vandalico","tag-polizia-municipale-savona","post_cat_citta-savona"],"amp_validity":null,"amp_enabled":true,"_links":{"self":[{"href":"https:\/\/staging.ivg.it\/ediapi\/wp\/v2\/posts\/511831","targetHints":{"allow":["GET"]}}],"collection":[{"href":"https:\/\/staging.ivg.it\/ediapi\/wp\/v2\/posts"}],"about":[{"href":"https:\/\/staging.ivg.it\/ediapi\/wp\/v2\/types\/post"}],"author":[{"embeddable":true,"href":"https:\/\/staging.ivg.it\/ediapi\/wp\/v2\/users\/12120"}],"replies":[{"embeddable":true,"href":"https:\/\/staging.ivg.it\/ediapi\/wp\/v2\/comments?post=511831"}],"version-history":[{"count":0,"href":"https:\/\/staging.ivg.it\/ediapi\/wp\/v2\/posts\/511831\/revisions"}],"wp:attachment":[{"href":"https:\/\/staging.ivg.it\/ediapi\/wp\/v2\/media?parent=511831"}],"wp:term":[{"taxonomy":"category","embeddable":true,"href":"https:\/\/staging.ivg.it\/ediapi\/wp\/v2\/categories?post=511831"},{"taxonomy":"post_tag","embeddable":true,"href":"https:\/\/staging.ivg.it\/ediapi\/wp\/v2\/tags?post=511831"}],"curies":[{"name":"wp","href":"https:\/\/api.w.org\/{rel}","templated":true}]}}