{"id":511537,"date":"2020-11-05T16:33:46","date_gmt":"2020-11-05T15:33:46","guid":{"rendered":"http:\/\/www.ivg.it\/?p=511537"},"modified":"2020-11-05T16:33:46","modified_gmt":"2020-11-05T15:33:46","slug":"trasferimento-punto-nascite-i-sindaci-di-tovo-giustenice-e-magliolo-preoccupati-per-il-futuro-del-santa-corona","status":"publish","type":"post","link":"https:\/\/staging.ivg.it\/2020\/11\/trasferimento-punto-nascite-i-sindaci-di-tovo-giustenice-e-magliolo-preoccupati-per-il-futuro-del-santa-corona\/","title":{"rendered":"Trasferimento punto nascite, i sindaci di Tovo, Giustenice e Magliolo: &#8220;Preoccupati per il futuro del Santa Corona&#8221;"},"content":{"rendered":"<p><strong>Pietra Ligure.<\/strong> I sindaci di Giustenice, Magliolo e Tovo San Giacomo, preso atto che l&#8217;ASL 2 proceder\u00e0 gi\u00e0 da luned\u00ec alla chiusura del reparto di ostetricia e ginecologia del Santa Corona con il trasferimento del punto nascite all\u2019Ospedale San Paolo di Savona, esprimono la loro forte preoccupazione per il futuro dell&#8217;Ospedale di Pietra Ligure e per le conseguenze che tale decisione, bench\u00e9 dettata dall&#8217;emergenza sanitaria Covid-19 in atto, potr\u00e0 avere sui servizi offerti alla popolazione del ponente ligure.<\/p>\n<p>Inoltre, questa decisione minaccia concretamente l&#8217;esistenza stessa del Dea di II livello con conseguenze inimmaginabili per il nostro Ospedale.<\/p>\n<p>Mauro Boetto, Enrico Lanfranco e Alessandro Oddo, a nome dei rispettivi Enti, auspicano che superata l&#8217;emergenza, il reparto venga ripristinato compresivo anche del punto nascite e che la Regione Liguria garantisca il mantenimento e potenziamento del DEA di II livello nel Santa Corona.<\/p>\n<p>Le amministrazioni di Giustenice, Magliolo e Tovo San Giacomo appoggiano le iniziative intraprese dal Comune di Pietra Ligure a difesa del nosocomio e porteranno nel prossimo Consiglio comunale un documento di sostegno all&#8217;Ospedale Santa Corona ed ai suoi lavoratori.<\/p>\n","protected":false},"excerpt":{"rendered":"<p>Le amministrazioni della Val Maremola appoggiano le iniziative intraprese dal Comune di Pietra Ligure<\/p>\n","protected":false},"author":17962,"featured_media":0,"comment_status":"open","ping_status":"closed","sticky":false,"template":"","format":"standard","meta":{"footnotes":""},"categories":[45296,56,31],"tags":[2953,113201],"class_list":["post-511537","post","type-post","status-publish","format-standard","hentry","category-copertina","category-altre","category-politica","tag-ospedale-santa-corona","tag-trasferimento-ostetricia","post_cat_citta-pietra-ligure"],"amp_validity":null,"amp_enabled":true,"_links":{"self":[{"href":"https:\/\/staging.ivg.it\/ediapi\/wp\/v2\/posts\/511537","targetHints":{"allow":["GET"]}}],"collection":[{"href":"https:\/\/staging.ivg.it\/ediapi\/wp\/v2\/posts"}],"about":[{"href":"https:\/\/staging.ivg.it\/ediapi\/wp\/v2\/types\/post"}],"author":[{"embeddable":true,"href":"https:\/\/staging.ivg.it\/ediapi\/wp\/v2\/users\/17962"}],"replies":[{"embeddable":true,"href":"https:\/\/staging.ivg.it\/ediapi\/wp\/v2\/comments?post=511537"}],"version-history":[{"count":0,"href":"https:\/\/staging.ivg.it\/ediapi\/wp\/v2\/posts\/511537\/revisions"}],"wp:attachment":[{"href":"https:\/\/staging.ivg.it\/ediapi\/wp\/v2\/media?parent=511537"}],"wp:term":[{"taxonomy":"category","embeddable":true,"href":"https:\/\/staging.ivg.it\/ediapi\/wp\/v2\/categories?post=511537"},{"taxonomy":"post_tag","embeddable":true,"href":"https:\/\/staging.ivg.it\/ediapi\/wp\/v2\/tags?post=511537"}],"curies":[{"name":"wp","href":"https:\/\/api.w.org\/{rel}","templated":true}]}}