{"id":510532,"date":"2020-10-22T21:27:42","date_gmt":"2020-10-22T19:27:42","guid":{"rendered":"http:\/\/www.ivg.it\/?p=510532"},"modified":"2020-10-23T12:46:54","modified_gmt":"2020-10-23T10:46:54","slug":"prima-categoria-tre-giornate-di-squalifica-a-davide-salvatico-e-davide-mandaliti","status":"publish","type":"post","link":"https:\/\/staging.ivg.it\/2020\/10\/prima-categoria-tre-giornate-di-squalifica-a-davide-salvatico-e-davide-mandaliti\/","title":{"rendered":"Prima Categoria: tre giornate di squalifica a Davide Salvatico e Davide Mandaliti"},"content":{"rendered":"<p><strong>Vado Ligure.<\/strong> A seguito dei provvedimenti arbitrali presi nelle partite di domenica, il<strong> giudice sportivo ha squalificato sette calciatori e tre allenatori dei gironi A1 e A2 di Prima Categoria.<\/strong><\/p>\n<p><strong>Davide Salvatico (Millesimo)<\/strong> \u00e8 stato fermato per tre turni, in quanto espulso perch\u00e9 &#8220;al 27\u00b0 del secondo tempo, a seguito di un fallo di gioco, sferrava da terra un calcio all&#8217;indirizzo di un giocatore avversario&#8221;.<\/p>\n<p><strong>Davide Mandaliti (Vadese)<\/strong> \u00e8 stato squalificato per tre giornate, espulso perch\u00e9 &#8220;saltava col gomito alto per colpire di testa la palla ed tirava una gomitata volontariamente sul viso all&#8217;avversario, procurandogli dolore&#8221;.<\/p>\n<p><strong>Simone Contatore e Roberto Zunino (Speranza)<\/strong> dovranno saltare le prossime due partite.<\/p>\n<p>Una giornata di squalifica \u00e8 stata comminata a<strong> Matteo Tamborino (Baia Alassio), Matteo Gallo (Millesimo) e Daniele Suetta (Vadese).<\/strong><\/p>\n<p><strong>Pierpaolo Calcagno<\/strong>\u00a0(<em>nella foto<\/em>),<strong> allenatore dello Speranza<\/strong>, \u00e8 stato squalificato per tre gare perch\u00e9 &#8220;gi\u00e0 precedentemente richiamato, usciva dall&#8217;area tecnica per contestare platealmente una decisione arbitrale e rivolgeva al direttore di gara frasi gravemente irriguardose; al termine della gara, si avvicinava al direttore di gara nei pressi del suo spogliatoio, continuando a protestare per l&#8217;espulsione comminatagli&#8221;.<\/p>\n<p><strong>Simone Adami, allenatore dell&#8217;Aurora Calcio,<\/strong> \u00e8 stato squalificato fino al 5 novembre perch\u00e9 &#8220;al termine della gara rivolgeva al direttore di gara espressioni irriguardose&#8221;.<\/p>\n<p><strong>Maurizio Oliva, allenatore della Letimbro<\/strong>, non potr\u00e0 sedere in panchina per due partite.<\/p>\n<p><strong>La classifica marcatori del girone A1 dopo 3 giornate:<\/strong><\/p>\n<p><strong>6 reti:<\/strong> Canu (Andora)<\/p>\n<p><strong>3 reti:<\/strong> Colli (Baia Alassio), Balestrino, Vallone (Savona), Guardone, Sfinjari, Caneva (Pontelungo)<\/p>\n<p><strong>2 reti:<\/strong> Muller (Carlin\u2019s Boys), G. Calvini (Atletico Argentina), Zouita (Baia Alassio), Proglio (Andora), Metalla (Savona)<\/p>\n<p><strong>1 rete:<\/strong> Stefanzl, Gamba (Savona), Chariq, Greco, Giamp\u00e0 (Pontelungo), Brizio, Vecchiotti (Atletico Argentina), Mascardi, Primoceri, Xhemali, Arrigo (Andora), De Nicola, Cuneo (Carlin\u2019s Boys), Principato, Bellissimo (San Filippo Neri Albenga), Secci (Oneglia)<\/p>\n<p><strong>La classifica marcatori del girone A2 dopo 3 giornate:<\/strong><\/p>\n<p><strong>4 reti:<\/strong> Macagno (Vadese), Carminati (Letimbro)<\/p>\n<p><strong>3 reti:<\/strong> Jabbi (Altarese)<\/p>\n<p><strong>2 reti:<\/strong> Intili (Speranza), Laudando (Aurora Calcio), Manti, Bonifacino (Olimpia Carcarese)<\/p>\n<p><strong>1 rete:<\/strong> Ciravegna, Bove (Millesimo), Valdora, Battistel, Molinari (Letimbro), M. Gennarelli (Mallare), Roveta, Torrengo (Aurora Calcio), Quaglia, Vittori, R. Tona (Vadese), Briano (Speranza), Zizzini, Brovida (Olimpia Carcarese), Crocetta (Speranza), Perrone, Fabbretti, Bazzano (Quiliano&amp;Valleggia)<\/p>\n","protected":false},"excerpt":{"rendered":"<p>Sanzionati tre allenatori: Pierpaolo Calcagno, Simone Adami e Maurizio Oliva<\/p>\n","protected":false},"author":18,"featured_media":0,"comment_status":"open","ping_status":"closed","sticky":false,"template":"","format":"standard","meta":{"footnotes":""},"categories":[45296,182,32],"tags":[85989,12494,719],"class_list":["post-510532","post","type-post","status-publish","format-standard","hentry","category-copertina","category-calcio","category-sport","tag-calcio","tag-giudice-sportivo","tag-prima-categoria","post_cat_citta-alassio","post_cat_citta-albenga","post_cat_citta-altare","post_cat_citta-andora","post_cat_citta-borghetto-santo-spirito","post_cat_citta-cairo-montenotte","post_cat_citta-carcare","post_cat_citta-mallare","post_cat_citta-millesimo","post_cat_citta-quiliano","post_cat_citta-savona","post_cat_citta-vado-ligure"],"amp_validity":null,"amp_enabled":true,"_links":{"self":[{"href":"https:\/\/staging.ivg.it\/ediapi\/wp\/v2\/posts\/510532","targetHints":{"allow":["GET"]}}],"collection":[{"href":"https:\/\/staging.ivg.it\/ediapi\/wp\/v2\/posts"}],"about":[{"href":"https:\/\/staging.ivg.it\/ediapi\/wp\/v2\/types\/post"}],"author":[{"embeddable":true,"href":"https:\/\/staging.ivg.it\/ediapi\/wp\/v2\/users\/18"}],"replies":[{"embeddable":true,"href":"https:\/\/staging.ivg.it\/ediapi\/wp\/v2\/comments?post=510532"}],"version-history":[{"count":0,"href":"https:\/\/staging.ivg.it\/ediapi\/wp\/v2\/posts\/510532\/revisions"}],"wp:attachment":[{"href":"https:\/\/staging.ivg.it\/ediapi\/wp\/v2\/media?parent=510532"}],"wp:term":[{"taxonomy":"category","embeddable":true,"href":"https:\/\/staging.ivg.it\/ediapi\/wp\/v2\/categories?post=510532"},{"taxonomy":"post_tag","embeddable":true,"href":"https:\/\/staging.ivg.it\/ediapi\/wp\/v2\/tags?post=510532"}],"curies":[{"name":"wp","href":"https:\/\/api.w.org\/{rel}","templated":true}]}}