{"id":510281,"date":"2020-10-20T11:23:23","date_gmt":"2020-10-20T09:23:23","guid":{"rendered":"http:\/\/www.ivg.it\/?p=510281"},"modified":"2020-10-20T11:23:23","modified_gmt":"2020-10-20T09:23:23","slug":"loano-nominato-il-nuovo-cda-della-fondazione-stella-grossi","status":"publish","type":"post","link":"https:\/\/staging.ivg.it\/2020\/10\/loano-nominato-il-nuovo-cda-della-fondazione-stella-grossi\/","title":{"rendered":"Loano, nominato il nuovo CdA della Fondazione Stella-Grossi"},"content":{"rendered":"<p><strong>Loano<\/strong>. Con proprio decreto, il sindaco di Loano Luigi Pignocca ha nominato i membri del consiglio d&#8217;amministrazione della Fondazione Stella-Grossi, che gestisce il nido d&#8217;infanzia comunale \u201cStella Stellina\u201d di via delle Caselle.<\/p>\n<p>Del nuovo CdA fanno parte: Riccardo Ferrari, presidente uscente; Giacomo Cacace, amministratore di condominio; Chiara Cenere, insegnante; Michele Pellegrini, tecnico Rfi.<\/p>\n<p>Lo statuto della Fondazione prevede che faccia parte \u201cdi diritto\u201d del consiglio anche il parroco di San Giovanni Battista: il quinto membro, dunque, \u00e8 don Edmondo Bianco. Michele Pellegrini, invece, \u00e8 stato nominato su proposta dei gruppi di minoranza comunale.<\/p>\n<p>Afferma il sindaco Pignocca: \u201cVoglio ringraziare i membri del CdA uscente per il grande lavoro svolto in questi cinque anni e augurare un grande &#8216;in bocca al lupo&#8217; ai nuovi consiglieri. A loro va la mia gratitudine personale per essersi messi a disposizione della comunit\u00e0 ed aver accettato di ricoprire un incarico cos\u00ec delicato. La Fondazione ha il compito di provvedere alla cura dei nostri concittadini pi\u00f9 giovani e a maggior ragione in un momento delicato come questo occorrono persone capaci, attente e dotate di grande senso di responsabilit\u00e0. Sono certo che il nuovo Consiglio d&#8217;Amministrazione non deluder\u00e0 le aspettative\u201d.<\/p>\n<p>Al consiglio d&#8217;amministrazione spetter\u00e0 la scelta del presidente della Fondazione. Il Cda appena nominato rester\u00e0 in carica per cinque anni e precisamente fino al 15 ottobre 2025.<\/p>\n","protected":false},"excerpt":{"rendered":"<p>Il sindaco Pignocca: &#8220;Ai nuovi consiglieri la mia gratitudine per essersi messi a disposizione della comunit\u00e0 in un momento cos\u00ec delicato&#8221;<\/p>\n","protected":false},"author":19447,"featured_media":0,"comment_status":"open","ping_status":"closed","sticky":false,"template":"","format":"standard","meta":{"footnotes":""},"categories":[45296,56],"tags":[],"class_list":["post-510281","post","type-post","status-publish","format-standard","hentry","category-copertina","category-altre","post_cat_citta-loano","post_tag_personaggi-luigi-pignocca"],"amp_validity":null,"amp_enabled":true,"_links":{"self":[{"href":"https:\/\/staging.ivg.it\/ediapi\/wp\/v2\/posts\/510281","targetHints":{"allow":["GET"]}}],"collection":[{"href":"https:\/\/staging.ivg.it\/ediapi\/wp\/v2\/posts"}],"about":[{"href":"https:\/\/staging.ivg.it\/ediapi\/wp\/v2\/types\/post"}],"author":[{"embeddable":true,"href":"https:\/\/staging.ivg.it\/ediapi\/wp\/v2\/users\/19447"}],"replies":[{"embeddable":true,"href":"https:\/\/staging.ivg.it\/ediapi\/wp\/v2\/comments?post=510281"}],"version-history":[{"count":0,"href":"https:\/\/staging.ivg.it\/ediapi\/wp\/v2\/posts\/510281\/revisions"}],"wp:attachment":[{"href":"https:\/\/staging.ivg.it\/ediapi\/wp\/v2\/media?parent=510281"}],"wp:term":[{"taxonomy":"category","embeddable":true,"href":"https:\/\/staging.ivg.it\/ediapi\/wp\/v2\/categories?post=510281"},{"taxonomy":"post_tag","embeddable":true,"href":"https:\/\/staging.ivg.it\/ediapi\/wp\/v2\/tags?post=510281"}],"curies":[{"name":"wp","href":"https:\/\/api.w.org\/{rel}","templated":true}]}}