{"id":510184,"date":"2020-10-19T10:14:55","date_gmt":"2020-10-19T08:14:55","guid":{"rendered":"http:\/\/www.ivg.it\/?p=510184"},"modified":"2020-10-19T15:27:33","modified_gmt":"2020-10-19T13:27:33","slug":"finale-ligure-ripartono-in-sicurezza-le-attivita-dellunitre","status":"publish","type":"post","link":"https:\/\/staging.ivg.it\/2020\/10\/finale-ligure-ripartono-in-sicurezza-le-attivita-dellunitre\/","title":{"rendered":"Finale Ligure, ripartono in sicurezza le attivit\u00e0 dell\u2019Unitre"},"content":{"rendered":"<p><strong>Finale Ligure.<\/strong> Riparte l\u2019Unitr\u00e8 dI Finale Ligure, che ha previsto misure straordinarie di sicurezza per l\u2019anno accademico 2020\/2021.<\/p>\n<p>&#8220;Le attivit\u00e0, &#8211; hanno fatte sapere dall&#8217;U3, &#8211; si svolgeranno nel rispetto della normativa anti Covid19 e secondo il protocollo di sicurezza stilato dall\u2019ingegner Paolo Ferrari, responsabile della sicurezza, di cui il direttivo si \u00e8 avvalso per avere regole ben precise da seguire&#8221;.<\/p>\n<p>&#8220;Le attivit\u00e0 saranno a numero chiuso, le aule e gli spazi verranno arieggiati costantemente e sanificati al termine di ogni utilizzo, verranno mantenute le distanze di sicurezza e forniti i vari presidi previsti (copri-sedili, gel igienizzante, ecc) ed intervallate le attivit\u00e0 di 15 minuti, in modo da far defluire i partecipanti, senza creare assembramento&#8221;.<\/p>\n<p>&#8220;Il programma, sebbene condizionato dalla situazione contingente, presenta attivit\u00e0 varie che gli interessati troveranno nel libretto dei corsi&#8221;, hanno concluso.<span class=\"Apple-converted-space\">\u00a0<\/span><\/p>\n<p>Le iscrizioni si svolgono in Via Ruffini, dal 5 ottobre: il luned\u00ec, il mercoled\u00ec e il venerd\u00ec, dalle 15 alle 18.<\/p>\n","protected":false},"excerpt":{"rendered":"<p>Attivit\u00e0 a numero chiuso, aule e spazi sanificati costantemente e saranno forniti i vari presidi previsti<\/p>\n","protected":false},"author":18599,"featured_media":0,"comment_status":"open","ping_status":"closed","sticky":false,"template":"","format":"standard","meta":{"footnotes":""},"categories":[56],"tags":[90003],"class_list":["post-510184","post","type-post","status-publish","format-standard","hentry","category-altre","tag-unitre-finale","post_cat_citta-finale-ligure"],"amp_validity":null,"amp_enabled":true,"_links":{"self":[{"href":"https:\/\/staging.ivg.it\/ediapi\/wp\/v2\/posts\/510184","targetHints":{"allow":["GET"]}}],"collection":[{"href":"https:\/\/staging.ivg.it\/ediapi\/wp\/v2\/posts"}],"about":[{"href":"https:\/\/staging.ivg.it\/ediapi\/wp\/v2\/types\/post"}],"author":[{"embeddable":true,"href":"https:\/\/staging.ivg.it\/ediapi\/wp\/v2\/users\/18599"}],"replies":[{"embeddable":true,"href":"https:\/\/staging.ivg.it\/ediapi\/wp\/v2\/comments?post=510184"}],"version-history":[{"count":0,"href":"https:\/\/staging.ivg.it\/ediapi\/wp\/v2\/posts\/510184\/revisions"}],"wp:attachment":[{"href":"https:\/\/staging.ivg.it\/ediapi\/wp\/v2\/media?parent=510184"}],"wp:term":[{"taxonomy":"category","embeddable":true,"href":"https:\/\/staging.ivg.it\/ediapi\/wp\/v2\/categories?post=510184"},{"taxonomy":"post_tag","embeddable":true,"href":"https:\/\/staging.ivg.it\/ediapi\/wp\/v2\/tags?post=510184"}],"curies":[{"name":"wp","href":"https:\/\/api.w.org\/{rel}","templated":true}]}}