{"id":510179,"date":"2020-10-19T09:37:02","date_gmt":"2020-10-19T07:37:02","guid":{"rendered":"http:\/\/www.ivg.it\/?p=510179"},"modified":"2020-10-19T09:48:52","modified_gmt":"2020-10-19T07:48:52","slug":"calizzano-al-via-i-lavori-per-la-fibra-ottica-olivieri-finalmente-una-rete-internet-adeguata-per-il-territorio","status":"publish","type":"post","link":"https:\/\/staging.ivg.it\/2020\/10\/calizzano-al-via-i-lavori-per-la-fibra-ottica-olivieri-finalmente-una-rete-internet-adeguata-per-il-territorio\/","title":{"rendered":"Calizzano, al via i lavori per la fibra ottica. Olivieri: &#8220;Finalmente una rete internet adeguata per il territorio&#8221;"},"content":{"rendered":"<p><strong>Calizzano.<\/strong>\u00a0Sono iniziati questa mattina i lavori di scavo sulle strade di Calizzano per la posa della fibra ottica internet.<\/p>\n<p>\u201cLa settimana parte con una ottima notizia. Dopo che da tempo era in corso il posizionamento della linea per la parte aerea (lungo le linee dell&#8217;energia elettrica), questa mattina si \u00e8 partiti con il cantiere in via Leale &#8211; via Madonna delle Grazie, che verranno a seguire integralmente\u00a0 asfaltate in completamento dei lavori effettuati per il passaggio del metanodotto, appositamente sospesi per ottimizzare i risultati. Si arriver\u00e0 cos\u00ec alla realizzazione di una rete di collegamento internet finalmente adeguata per il nostro territorio, la nostra comunit\u00e0 e le nostre attivit\u00e0 produttive\u201d commenta in una nota il sindaco Pierangelo Olivieri.<\/p>\n<p>\u201cCon gli uffici comunali concorderemo con l&#8217;impresa esecutrice il cronoprogramma per la miglior gestione possibile degli scavi, seguiranno conseguenti aggiornamenti\u201d conclude il primo cittadino.<\/p>\n","protected":false},"excerpt":{"rendered":"<p>Il cantiere interessa via Leale &#8211; via Madonna delle Grazie<\/p>\n","protected":false},"author":19447,"featured_media":0,"comment_status":"open","ping_status":"closed","sticky":false,"template":"","format":"standard","meta":{"footnotes":""},"categories":[56],"tags":[87253,67708,1363,91255],"class_list":["post-510179","post","type-post","status-publish","format-standard","hentry","category-altre","tag-comune-di-calizzano","tag-fibra-ottica","tag-internet","tag-via-madonna-delle-grazie","post_cat_citta-calizzano","post_tag_personaggi-pierangelo-olivieri"],"amp_validity":null,"amp_enabled":true,"_links":{"self":[{"href":"https:\/\/staging.ivg.it\/ediapi\/wp\/v2\/posts\/510179","targetHints":{"allow":["GET"]}}],"collection":[{"href":"https:\/\/staging.ivg.it\/ediapi\/wp\/v2\/posts"}],"about":[{"href":"https:\/\/staging.ivg.it\/ediapi\/wp\/v2\/types\/post"}],"author":[{"embeddable":true,"href":"https:\/\/staging.ivg.it\/ediapi\/wp\/v2\/users\/19447"}],"replies":[{"embeddable":true,"href":"https:\/\/staging.ivg.it\/ediapi\/wp\/v2\/comments?post=510179"}],"version-history":[{"count":0,"href":"https:\/\/staging.ivg.it\/ediapi\/wp\/v2\/posts\/510179\/revisions"}],"wp:attachment":[{"href":"https:\/\/staging.ivg.it\/ediapi\/wp\/v2\/media?parent=510179"}],"wp:term":[{"taxonomy":"category","embeddable":true,"href":"https:\/\/staging.ivg.it\/ediapi\/wp\/v2\/categories?post=510179"},{"taxonomy":"post_tag","embeddable":true,"href":"https:\/\/staging.ivg.it\/ediapi\/wp\/v2\/tags?post=510179"}],"curies":[{"name":"wp","href":"https:\/\/api.w.org\/{rel}","templated":true}]}}