{"id":510066,"date":"2020-10-17T14:14:46","date_gmt":"2020-10-17T12:14:46","guid":{"rendered":"http:\/\/www.ivg.it\/?p=510066"},"modified":"2020-10-17T14:14:59","modified_gmt":"2020-10-17T12:14:59","slug":"cosseria-lo-sfogo-del-sindaco-carenza-di-servizi-essenziali-i-piccoli-comuni-sono-di-serie-b","status":"publish","type":"post","link":"https:\/\/staging.ivg.it\/2020\/10\/cosseria-lo-sfogo-del-sindaco-carenza-di-servizi-essenziali-i-piccoli-comuni-sono-di-serie-b\/","title":{"rendered":"Cosseria, lo sfogo del sindaco: \u201cCarenza di servizi essenziali. I piccoli comuni sono di serie B\u201d"},"content":{"rendered":"<p><strong>Cosseria.<\/strong> La situazione di difficolt\u00e0 relativa alle poste e ad Enel, ma anche alla telefonia (fissa e mobile), a internet e alla televisione. Sono alcuni degli esempi citati nello sfogo del sindaco di Cosseria Roberto Molinaro in difesa dei piccoli comuni dove, a fronte di tasse e balzelli identici agli abitanti delle grandi citt\u00e0, &#8220;vi \u00e8 carenza di servizi essenziali&#8221;.<\/p>\n<p>&#8220;Mi rendo perfettamente conto di essere fortunato a vivere nella porzione di mondo dove non vi sono guerre e carestie e dove la qualit\u00e0 della vita \u00e8 generalmente buona; gli indici di sviluppo umano indicano anche l&#8217;Italia come uno fra i paesi dove la qualit\u00e0 della vita \u00e8 ai massimi livelli e siamo considerati la settima potenza economica nel mondo&#8221;, ha esordito il primo cittadino.<\/p>\n<p>&#8220;Nella societ\u00e0 moderna il cittadino ha visto affermarsi sempre di pi\u00f9 il diritto a ricevere i servizi essenziali riconosciuti sia da leggi ordinarie dello stato, da direttive comunitarie e da leggi internazionali ratificate dalla comunit\u00e0 internazionale.\u00a0Per\u00f2 se ci caliamo nella realt\u00e0 rurali o verifichiamo lo stato dei Piccoli Comuni (inferiori ai 5mila abitanti) devo prendere atto che nonostante tutta\u00a0 la volont\u00e0 politica di mantenere in vita queste realt\u00e0, il cittadino che decide di<span class=\"Apple-converted-space\">\u00a0<\/span>provare l&#8217;esperienza di abitare in una &#8216;periferia verde&#8217; non ha gli stessi confort sotto il profilo dei servizi di base della persona che vive in un centro urbano di grosse dimensioni&#8221;.<\/p>\n<p>E il sindaco ha fornito alcuni esempi esplicativi: &#8220;Per quanto riguarda\u00a0Poste Italiane, l&#8217;ufficio postale a Cosseria \u00e8 aperto tre giorni a settimana rispetto ai sei di pochissimi anni fa, mi \u00e8 stato promesso che a partire da met\u00e0 settembre, al venerd\u00ec avrebbe riaperto lo sportello (chiuso causa emergenza Covid, anche se non ne vedo il nesso) ma ieri 16 ottobre era ancora chiuso. Capitolo Enel, a Cosseria manca una linea parallela come invece esiste in altri comuni; quta mancanza si ripercuote a discapito dei cittadini perch\u00e8 quando vi \u00e8 un&#8217;interruzione energia non esiste un collegamento parallelo che possa essere attivato per fronteggiare il disservizio&#8221;.<\/p>\n<p>&#8220;Su Telefonia fissa, mobile internet\u00a0il servizio \u00e8 intermittente e vi sono zone anche con realt\u00e0 produttive che non sono coperte dalla rete. Nelle altre dove il servizio \u00e8 attivo \u00e8 sufficiente una leggera pioggia per mandare in tilt la connessione a internet.\u00a0Vi sono poi quei servizi che non sono fondamentali ma che la societ\u00e0 attuale ci ha abituati ad avere e a classificarli (non tutte le persone ovviamente) nella propria mente come una necessit\u00e0, anche per non sentirsi troppo soli quando si sta a casa soprattuttto in questo periodo di Covid galoppante, mi riferisco ai canali TV&#8221;.<\/p>\n<p>&#8220;La televisione con tutte le sue sfacettature positive e negative ha assunto un ruolo sociale; per chi vive solo la tv tiene compagnia. Il fatto che in alcune localit\u00e0 di Cosseria dopo settimane dall&#8217;ultima alluvione alcuni<span class=\"Apple-converted-space\">\u00a0<\/span>utenti ne siano ancora privati per mancanza di ricezione, mi fa pensare che con queste politiche di &#8216;razionalizzazione e di contenimento dei costi&#8217;, le televisioni nei comuni piccolini non siano tenute in considerazione&#8221;, ha proseguito Molinaro.<\/p>\n<p>Il tutto con un aggravio dei costi per i cittadini: &#8220;In vista di rimodulare nuovi sistemi trasmissivi, le antenne se disattivate dovrebbero essere tutte riorientate e ogni utente dovrebbe avere non una ma due antenne e ne spiego il motivo: per cui chi vuole vedere i canali Rai dovr\u00e0 avere un&#8217;antenna orientata verso Cairo Montenotte, se poi si vuole esagerare e si pretende di vedere anche i Canali Mediaset occorre acquistare una seconda antenna e da fissare sullo stesso stesso palo rivolta verso il Monte Burot e due amplificatori. Il costo? 30 euro un&#8217;antenna pi\u00f9 45 euro l&#8217;amplificatore, il tutto moltiplicato per due, pi\u00f9 il costo del professionista per montarli sul tetto&#8221;.<\/p>\n<p>&#8220;Duole sentirsi definire abitante di un&#8217;area disagiata o a fallimento di mercato, ma etichette a parte esorto tutte le societ\u00e0 fornitrici di servizi a tenerci maggiormente in considerazione tenendo conto in misura minore del rapporto quantit\u00e0 &#8211; prezzo, ma focalizzando che il comune denominatore \u00e8 di far sentire meno isolati coloro che investono e pagano all&#8217;erario tanto quanto coloro che risiedono in citt\u00e0&#8221;, ha concluso il sindaco.<\/p>\n","protected":false},"excerpt":{"rendered":"<p>&#8220;Chi decide di abitare in una &#8216;periferia verde&#8217; non ha gli stessi servizi di chi vive in un grande centro urbano&#8221;<\/p>\n","protected":false},"author":18599,"featured_media":0,"comment_status":"open","ping_status":"closed","sticky":false,"template":"","format":"standard","meta":{"footnotes":""},"categories":[56],"tags":[1363,881,781,12059,1866],"class_list":["post-510066","post","type-post","status-publish","format-standard","hentry","category-altre","tag-internet","tag-poste","tag-protesta","tag-telefonia","tag-televisione","post_cat_citta-cosseria","post_tag_personaggi-roberto-molinaro-2"],"amp_validity":null,"amp_enabled":true,"_links":{"self":[{"href":"https:\/\/staging.ivg.it\/ediapi\/wp\/v2\/posts\/510066","targetHints":{"allow":["GET"]}}],"collection":[{"href":"https:\/\/staging.ivg.it\/ediapi\/wp\/v2\/posts"}],"about":[{"href":"https:\/\/staging.ivg.it\/ediapi\/wp\/v2\/types\/post"}],"author":[{"embeddable":true,"href":"https:\/\/staging.ivg.it\/ediapi\/wp\/v2\/users\/18599"}],"replies":[{"embeddable":true,"href":"https:\/\/staging.ivg.it\/ediapi\/wp\/v2\/comments?post=510066"}],"version-history":[{"count":0,"href":"https:\/\/staging.ivg.it\/ediapi\/wp\/v2\/posts\/510066\/revisions"}],"wp:attachment":[{"href":"https:\/\/staging.ivg.it\/ediapi\/wp\/v2\/media?parent=510066"}],"wp:term":[{"taxonomy":"category","embeddable":true,"href":"https:\/\/staging.ivg.it\/ediapi\/wp\/v2\/categories?post=510066"},{"taxonomy":"post_tag","embeddable":true,"href":"https:\/\/staging.ivg.it\/ediapi\/wp\/v2\/tags?post=510066"}],"curies":[{"name":"wp","href":"https:\/\/api.w.org\/{rel}","templated":true}]}}