{"id":51005,"date":"2009-02-23T15:38:05","date_gmt":"2009-02-23T14:38:05","guid":{"rendered":"http:\/\/www.ivg.it\/2009\/02\/23\/proseguono-i-festeggiamenti-per-i-150-anni-della-casa-divina-provvinenza\/"},"modified":"2009-02-23T15:38:05","modified_gmt":"2009-02-23T14:38:05","slug":"proseguono-i-festeggiamenti-per-i-150-anni-della-casa-divina-provvinenza","status":"publish","type":"post","link":"https:\/\/staging.ivg.it\/2009\/02\/proseguono-i-festeggiamenti-per-i-150-anni-della-casa-divina-provvinenza\/","title":{"rendered":"Proseguono i festeggiamenti per i 150 anni della Casa &#8220;Divina Provvinenza&#8221;"},"content":{"rendered":"<p><strong>[thumb:5006:l]Savona. <\/strong>Entrano nel vivo i festeggiamenti per il centocinquantesimo anniversario di fondazione della casa &#8220;Divina Provvidenza&#8221;, voluta da santa Maria Giuseppa Rossello per accogliere e dare un&#8217;educazione alle ragazze sole. Aperta il 10 maggio 1859 ed ubicata in via Torino a Savona, attualmente offre un servizio di doposcuola e di scuola materna, ma ha ospitato per tanti anni minorenni con difficolt\u00e0 familiari alle spalle. Le &#8220;Figlie di N.S. della Misericordia&#8221;, in collaborazione con Provincia e Comune di Savona e con la Fondazione de Mari della Cassa di risparmio di Savona, hanno allestito una serie di appuntamenti per solennizzare al meglio l&#8217;anniversario.<\/p>\n<p>Nel corso del mese di marzo si svolgeranno le &#8220;Rosselliadi&#8221; dedicate ai ragazzi del doposcuola della &#8220;Divina Provvidenza&#8221; ma aperte anche ai giovani di altri istituti ed alle societ\u00e0 sportive. Venerd\u00ec 13 marzo, invece, nel primo pomeriggio \u00e8 prevista la festa d&#8217;istituto, con uno spettacolo nella Casa di via Torino e, successivamente, la messa nella chiesa parrocchiale di san Francesco da Paola.<\/p>\n<p>Si proseguir\u00e0 poi gioved\u00ec 2 aprile, alle 16,30, quando nella Sala Rossa del Comune di Savona si terr\u00e0 il convegno &#8220;Cuore a Dio, mani al lavoro. L&#8217;opera della santa Rossello tra passato, presente e futuro&#8221;, con interventi di suor Laura Mancinelli, del biblista don Claudio Doglio e del titolare delle parrocchie di san Francesco da Paola e san Lorenzo, don Angelo Magnano. I festeggiamenti si concluderanno domenica 10 maggio quando, al Santuario della Misericordia, il vescovo Vittorio Lupi presieder\u00e0 la messa solenne di ringraziamento.<\/p>\n","protected":false},"excerpt":{"rendered":"<p>[thumb:5006:l]Savona. Entrano nel vivo i festeggiamenti per il centocinquantesimo anniversario di fondazione della casa &#8220;Divina Provvidenza&#8221;, voluta da santa Maria Giuseppa Rossello per accogliere e dare un&#8217;educazione alle ragazze sole. Aperta il 10 maggio 1859 ed ubicata in via Torino a Savona, attualmente offre un servizio di doposcuola e di scuola materna, ma ha ospitato [&hellip;]<\/p>\n","protected":false},"author":13744,"featured_media":0,"comment_status":"open","ping_status":"closed","sticky":false,"template":"","format":"standard","meta":{"footnotes":""},"categories":[],"tags":[1788,7026,1933,85850],"class_list":["post-51005","post","type-post","status-publish","format-standard","hentry","tag-anniversario","tag-santa-maria-giuseppa-rossello","tag-santuario","tag-savona","post_cat_citta-savona"],"amp_validity":null,"amp_enabled":true,"_links":{"self":[{"href":"https:\/\/staging.ivg.it\/ediapi\/wp\/v2\/posts\/51005","targetHints":{"allow":["GET"]}}],"collection":[{"href":"https:\/\/staging.ivg.it\/ediapi\/wp\/v2\/posts"}],"about":[{"href":"https:\/\/staging.ivg.it\/ediapi\/wp\/v2\/types\/post"}],"author":[{"embeddable":true,"href":"https:\/\/staging.ivg.it\/ediapi\/wp\/v2\/users\/13744"}],"replies":[{"embeddable":true,"href":"https:\/\/staging.ivg.it\/ediapi\/wp\/v2\/comments?post=51005"}],"version-history":[{"count":0,"href":"https:\/\/staging.ivg.it\/ediapi\/wp\/v2\/posts\/51005\/revisions"}],"wp:attachment":[{"href":"https:\/\/staging.ivg.it\/ediapi\/wp\/v2\/media?parent=51005"}],"wp:term":[{"taxonomy":"category","embeddable":true,"href":"https:\/\/staging.ivg.it\/ediapi\/wp\/v2\/categories?post=51005"},{"taxonomy":"post_tag","embeddable":true,"href":"https:\/\/staging.ivg.it\/ediapi\/wp\/v2\/tags?post=51005"}],"curies":[{"name":"wp","href":"https:\/\/api.w.org\/{rel}","templated":true}]}}