{"id":510031,"date":"2020-10-17T08:13:58","date_gmt":"2020-10-17T06:13:58","guid":{"rendered":"http:\/\/www.ivg.it\/?p=510031"},"modified":"2020-10-17T09:45:38","modified_gmt":"2020-10-17T07:45:38","slug":"albenga-ciangherotti-fi-il-ministro-azzolina-sta-mettendo-in-difficolta-la-scuola","status":"publish","type":"post","link":"https:\/\/staging.ivg.it\/2020\/10\/albenga-ciangherotti-fi-il-ministro-azzolina-sta-mettendo-in-difficolta-la-scuola\/","title":{"rendered":"Albenga, Ciangherotti (FI): &#8220;Il ministro Azzolina sta mettendo in difficolt\u00e0 la scuola&#8221;"},"content":{"rendered":"<p><strong>Albenga<\/strong>. &#8220;La Provincia di Savona, a cui mi onoro di appartenere come consigliere delegato all&#8217;istruzione, fino a fine del mio mandato, che scade il prossimo dicembre, ha fatto salti mortali per adeguare gli spazi scolastici delle nostre scuole superiori alle nuove regole anticontagio dettate dall&#8217;emergenza Covid. Ad Albenga, uno dei pi\u00f9 importanti poli scolastici della provincia, soprattutto come citt\u00e0 deputata alla formazione liceale, purtroppo la situazione non \u00e8 affatto positiva, nonostante l&#8217;impegno costante della dirigenza scolastica, del corpo docente e di tutto il personale scolastico&#8221;. A dirlo \u00e8 Eraldo Ciangherotti, capogruppo di Forza Italia in consiglio comunale ad Albenga e consigliere provinciale.<\/p>\n<p>&#8220;Nelle ultime ore ho fatto un sopralluogo e mi sono chiesto per cosa paghiamo un ministro, se la situazione scuole, in emergenza covid, \u00e8 ancora cos\u00ec disordinata. Procediamo con ordine. Il Giordano Bruno, con i suoi 1376 studenti suddivisi in 58 classi, paga per gli spazi mancanti con 8 classi che fanno lezione a turni settimanali, met\u00e0 classe in presenza e met\u00e0 classe in webinar e 2 classi divise in due aule, met\u00e0 con la presenza del docente, met\u00e0 collegati via monitor. Una situazione che oggi non vivremmo se l&#8217;amministrazione comunale, tre anni fa, mi avesse concesso l&#8217;intero palazzo ex tribunale ad uso scolastico, anzich\u00e9 concederne met\u00e0, in promiscuit\u00e0, al Comando della municipale, che oggi ha uffici della metratura di un bilocale per ogni agente&#8221;.<\/p>\n<p>&#8220;Ora alcune soluzioni temporanee sono state trovate, due classi andranno a Palazzo Oddo, due classi andranno a Palazzo Scotto e due classi verranno recuperate buttando gi\u00f9 una parete di cartongesso in via Dante. Restano, purtroppo, ancora quattro classi in situazione di disagio, due in viale Pontelungo e due in via Dante. Speriamo solo che le situazioni temporanee delle sei classi vengano quanto prima sistemate in maniera definitiva&#8221;.<\/p>\n<p>&#8220;Temo per\u00f2 che la burocrazia del ministero della pubblica istruzione non aiuter\u00e0. Per pagare gli affitti delle soluzioni temporanee bisogner\u00e0 caricare i dati entro il 20 ottobre, ma ad oggi non c&#8217;\u00e8 ancora una data certa per l&#8217;autorizzazione e la presa in carico delle locazioni. Ho paura che a novembre saremo ancora in alto mare, con un sedicente ministro, l&#8217;Azzolina, incapace di gestire con tempestivit\u00e0 la situazione di emergenza che vive la scuola da marzo. Eppure il tempo per programmare tutto e garantire il personale scolastico e gli studenti per l&#8217;emergenza covid non \u00e8 certo mancato&#8221;.<\/p>\n","protected":false},"excerpt":{"rendered":"<p>&#8220;Il tempo per programmare tutto e garantire il personale scolastico e gli studenti per l&#8217;emergenza covid non \u00e8 certo mancato&#8221;<\/p>\n","protected":false},"author":12120,"featured_media":0,"comment_status":"open","ping_status":"closed","sticky":false,"template":"","format":"standard","meta":{"footnotes":""},"categories":[45296,31],"tags":[111891,62652],"class_list":["post-510031","post","type-post","status-publish","format-standard","hentry","category-copertina","category-politica","tag-coronavirus","tag-forza-italia-albenga","post_cat_citta-albenga","post_tag_personaggi-eraldo-ciangherotti-2"],"amp_validity":null,"amp_enabled":true,"_links":{"self":[{"href":"https:\/\/staging.ivg.it\/ediapi\/wp\/v2\/posts\/510031","targetHints":{"allow":["GET"]}}],"collection":[{"href":"https:\/\/staging.ivg.it\/ediapi\/wp\/v2\/posts"}],"about":[{"href":"https:\/\/staging.ivg.it\/ediapi\/wp\/v2\/types\/post"}],"author":[{"embeddable":true,"href":"https:\/\/staging.ivg.it\/ediapi\/wp\/v2\/users\/12120"}],"replies":[{"embeddable":true,"href":"https:\/\/staging.ivg.it\/ediapi\/wp\/v2\/comments?post=510031"}],"version-history":[{"count":0,"href":"https:\/\/staging.ivg.it\/ediapi\/wp\/v2\/posts\/510031\/revisions"}],"wp:attachment":[{"href":"https:\/\/staging.ivg.it\/ediapi\/wp\/v2\/media?parent=510031"}],"wp:term":[{"taxonomy":"category","embeddable":true,"href":"https:\/\/staging.ivg.it\/ediapi\/wp\/v2\/categories?post=510031"},{"taxonomy":"post_tag","embeddable":true,"href":"https:\/\/staging.ivg.it\/ediapi\/wp\/v2\/tags?post=510031"}],"curies":[{"name":"wp","href":"https:\/\/api.w.org\/{rel}","templated":true}]}}