{"id":510026,"date":"2020-10-16T23:00:09","date_gmt":"2020-10-16T21:00:09","guid":{"rendered":"http:\/\/www.ivg.it\/?p=510026"},"modified":"2020-10-16T23:03:38","modified_gmt":"2020-10-16T21:03:38","slug":"tempo-di-premi-per-lattiva-libertas","status":"publish","type":"post","link":"https:\/\/staging.ivg.it\/2020\/10\/tempo-di-premi-per-lattiva-libertas\/","title":{"rendered":"Tempo di premi per l&#8217;attiva Libertas"},"content":{"rendered":"<p>\u00c8 proprio vero che si raccoglie ci\u00f2 che con tanta fatica si semina. Ed educare allo sport in fondo \u00e8 come seminare: il frutto non \u00e8 garantito e non \u00e8 immediato, ma se non si semina \u00e8 certo che non ci sar\u00e0 raccolto.<\/p>\n<p>Frasi che si addicono a pennello al grande impegno profuso dai dirigenti della Libertas che in un periodo cos\u00ec difficile della nostra nazione alle prese con la pandemia pi\u00f9 aggressiva di tutti i tempi hanno avuto l&#8217;ardire di\u00a0strappare dagli occhi di migliaia di ragazzi la malinconia e vi hanno seminato campi di girasoli e nuvole di sogni. Proprio cos\u00ec.<\/p>\n<p>Dapprima il neo riconfermato<b>\u00a0presidente regionale cav. Roberto Pizzorno<\/b>\u00a0a Montesilvano (Pescara) \u00e8 stato insignito del\u00a0<b>Serto per meriti eccezionali<\/b>, un prestigioso riconoscimento per l&#8217;intensa attivit\u00e0 dirigenziale svolta con dedizione e professionalit\u00e0 in favore dello sport. Poi \u00e8 stato il turno della\u00a0<b>presidentessa provinciale avv. Cristina Anelli<\/b>\u00a0che grazie alle sue grandi capacit\u00e0 nel campo delle Scienze Giuridiche \u00e8 stata eletta nel corso del Primo Consiglio Nazionale della Libertas,\u00a0<b>presidente dell<\/b><b>a Commissione Nazionale Giudicante dell&#8217;Ente<\/b>, un ruolo di importanza fondamentale che d\u00e0 lustro ad una figura che si \u00e8 da sempre contraddistinta per lungimiranza e spessore culturale.<\/p>\n<p>Infine \u00e8 di questa settimana la notizia della consegna del\u00a0<b>premio &#8220;La Torretta dello Sport&#8221; al dott. Felicino\u00a0Vaniglia, responsabile regionale della sezione calcio amatoriale e giovanile<\/b>. Il noto personaggio, oltre ad aver dato un contributo notevole dal punto di vista sociale e umano quale volontario durante il lock down (si legge nella motivazione) ha saputo con la passione e la dedizione che lo contraddistinguono, gestire ed organizzare la &#8220;ripresa&#8221; delle attivit\u00e0 ludico-motorie e, avuto il via libera dai relativi decreti,\u00a0allestire eventi, iniziative, manifestazioni, kermesse e rassegne aventi il nobile scopo di\u00a0riavvicinare\u00a0un esercito di giovani delle pi\u00f9 svariate discipline alla graduale ripartenza in sicurezza della pratica sportiva.<\/p>\n<p>Queste le sue parole durante il ritiro del meritato suggello: &#8220;Ringrazio di cuore i miei presidenti Pizzorno e Anelli per aver riposto nel mio operato stima e fiducia. Far\u00f2 di tutto per meritarmi il loro apprezzamento e l&#8217;auspicata riconferma.\u00a0\u00c8 un onore ricevere la miniatura della amata &#8216;torretta Leon Pancaldo&#8217; simbolo della savonesit\u00e0\u00a0e fonte di ispirazione della &#8216;Cantera&#8217; a cui sono immensamente legato e che purtroppo ha sospeso la sua vincente navigazione. Nell&#8217;immediato dando uno sguardo alla curva epidemiologica che si sta alzando in maniera preoccupante credo che assisteremo al susseguirsi di continue disposizioni volute dal Governo e dal CTS. La Libertas, nel pieno rispetto delle regole, sar\u00e0 attenta nel recepirle, cercando per\u00f2 di aiutare i gestori di impianti e le associazioni sportive dilettantistiche a non morire, fornendo idee e soluzioni praticabili, al riparo di ogni eventuale rischio di sorta. &#8216;Ce la faremo! Insieme!&#8217; continuer\u00e0 ad essere il motto in cui si rispecchier\u00e0\u00a0la nostra azione&#8221;.<\/p>\n","protected":false},"excerpt":{"rendered":"<p>Felicino\u00a0Vaniglia ha ricevuto il premio &#8220;La Torretta dello Sport&#8221;<\/p>\n","protected":false},"author":18,"featured_media":0,"comment_status":"open","ping_status":"closed","sticky":false,"template":"","format":"standard","meta":{"footnotes":""},"categories":[45296,182,32],"tags":[85989,2074],"class_list":["post-510026","post","type-post","status-publish","format-standard","hentry","category-copertina","category-calcio","category-sport","tag-calcio","tag-libertas"],"amp_validity":null,"amp_enabled":true,"_links":{"self":[{"href":"https:\/\/staging.ivg.it\/ediapi\/wp\/v2\/posts\/510026","targetHints":{"allow":["GET"]}}],"collection":[{"href":"https:\/\/staging.ivg.it\/ediapi\/wp\/v2\/posts"}],"about":[{"href":"https:\/\/staging.ivg.it\/ediapi\/wp\/v2\/types\/post"}],"author":[{"embeddable":true,"href":"https:\/\/staging.ivg.it\/ediapi\/wp\/v2\/users\/18"}],"replies":[{"embeddable":true,"href":"https:\/\/staging.ivg.it\/ediapi\/wp\/v2\/comments?post=510026"}],"version-history":[{"count":0,"href":"https:\/\/staging.ivg.it\/ediapi\/wp\/v2\/posts\/510026\/revisions"}],"wp:attachment":[{"href":"https:\/\/staging.ivg.it\/ediapi\/wp\/v2\/media?parent=510026"}],"wp:term":[{"taxonomy":"category","embeddable":true,"href":"https:\/\/staging.ivg.it\/ediapi\/wp\/v2\/categories?post=510026"},{"taxonomy":"post_tag","embeddable":true,"href":"https:\/\/staging.ivg.it\/ediapi\/wp\/v2\/tags?post=510026"}],"curies":[{"name":"wp","href":"https:\/\/api.w.org\/{rel}","templated":true}]}}