{"id":509640,"date":"2020-10-12T17:46:58","date_gmt":"2020-10-12T15:46:58","guid":{"rendered":"http:\/\/www.ivg.it\/?p=509640"},"modified":"2020-10-12T17:48:36","modified_gmt":"2020-10-12T15:48:36","slug":"covid-e-caos-scuole-allarme-per-le-supplenze-ritardi-nel-concorso-straordinario","status":"publish","type":"post","link":"https:\/\/staging.ivg.it\/2020\/10\/covid-e-caos-scuole-allarme-per-le-supplenze-ritardi-nel-concorso-straordinario\/","title":{"rendered":"Covid e caos scuole, allarme per le supplenze: &#8220;Ritardi nel concorso straordinario&#8221;"},"content":{"rendered":"<p><strong>Savona.<\/strong> L&#8217;emergenza Covid aveva spinto nei mesi scorsi alla richiesta di un aumento di organico nelle scuole del savonese, cos\u00ec come in altri parti d&#8217;Italia. Anche i sindacati di categoria avevano sollecitato una azione forte del Ministero, tuttavia con l&#8217;inizio dell&#8217;anno scolastico si registrano diverse criticit\u00e0 nella copertura di maestri e insegnanti, generando anche un problema di qualit\u00e0 nella didattica offerta ad alunni e studenti.<\/p>\n<p>&#8220;Anzich\u00e8 essere a regime a fine agosto, ci troviamo di fronte a questa situazione: le supplenze previste sono state assegnate solo da pochi giorni da parte del Provveditorato, nell&#8217;ambito delle relative graduatorie, peccato per\u00f2 che il concorso straordinario stabilito in sede ministeriale (per coloro che hanno accumulato almeno 36 mesi di servizio) sia stato fissato a partire dal prossimo 22 ottobre: per questo molti supplenti appena nominati dall\u2019usp per il timore di essere coinvolti in una quarantena e di non poter prendere parte al sospirato concorso che darebbe finalmente stabilit\u00e0 a tanti precari della scuola, stanno chiedendo permessi ed aspettativa una quindicina di giorni prima della data fissata per la prova concorsuale&#8221; spiega Gianni Garino della Cisl Scuola.<\/p>\n<p>Ecco perch\u00e8, nell&#8217;ambito dell&#8217;emergenza Covid, una volta terminato i potenziali supplenti dalle graduatorie, entra in gioco la cosiddetta &#8220;Mad&#8221;, un acronimo che significa &#8220;Messa a disposizione&#8221;, nella quale sono iscritti maestri e insegnanti che non hanno esattamente i titoli richiesti. La procedura della &#8220;Mad&#8221; \u00e8 in realt\u00e0 sempre esistita, ma in passato era usata solo in rari casi. Quest&#8217;anno, invece, con l&#8217;emergenza Covid e il ritardo nel concorso straordinario le scuole sono costrette a &#8220;pescare&#8221; personale scolastico da coloro che hanno manifestato semplice &#8220;disponibilit\u00e0&#8221; ad una supplenza in scadenza a giugno e senza garanzie sul futuro. <\/p>\n<p>Secondo i dati attuali, delle 300 supplenze complessive per il savonese stabilite in sede di Provveditorato, circa due terzi avrebbero necessit\u00e0 di garantirsi la partecipazione al concorso straordinario e giustificano l\u2019assenza con una aspettativa non retribuita o con un permesso.<\/p>\n<p>&#8220;Il rischio di questa situazione critica l&#8217;avevamo gi\u00e0 denunciata nei mesi scorsi &#8211; aggiunge ancora Garino -. I ritardi organizzativi ora pesano sulla qualit\u00e0 dell&#8217;insegnamento: ad esempio, pensiamo solo al sostegno, le nomine sono arrivate a met\u00e0 ottobre&#8221;.<\/p>\n<p>Altro aspetto evidenziato nel caos scuole riguarda appunto la quarantena: &#8220;Se un insegnante \u00e8 in isolamento ma non \u00e8 positivo pu\u00f2 ricorrere alla didattica a distanza, se invece positivo risulta in malattia, peccato per\u00f2 che la normativa si sia chiarita solo in questi giorni e come sindacati siamo impegnati quotidianamente a colmare vuoti legislativi e di interpretazione delle norme&#8221;.<\/p>\n<p>&#8220;Bastava anticipare la programmazione, con diretto riferimento al concorso straordinario e alla stabilizzazione dei precari, invece siamo arrivati all&#8217;inizio dell&#8217;anno scolastico con incertezze e mancanza di personale adeguato&#8221; conclude Garino.<\/p>\n<p>La questione \u00e8 emersa in relazione a diverse segnalazioni arrivate dalle scuole savonese, in particolare nella primaria: un ultimo caso in una classe di terza elementare a Savona, dove una giovane 22enne \u00e8 stata nominata dalla scuola per insegnare italiano come supplente, scelta dal &#8220;Mad&#8221; &#8211; Messa a disposizione.<\/p>\n","protected":false},"excerpt":{"rendered":"<p>Garino (Cisl Scuola): &#8220;Mancanza di programmazione sull&#8217;organico, penalizzata la qualit\u00e0 dell&#8217;insegnamento&#8221;<\/p>\n","protected":false},"author":4,"featured_media":0,"comment_status":"open","ping_status":"closed","sticky":false,"template":"","format":"standard","meta":{"footnotes":""},"categories":[45296,56,34],"tags":[12345,112544,689,115442],"class_list":["post-509640","post","type-post","status-publish","format-standard","hentry","category-copertina","category-altre","category-cronaca","tag-cisl-scuola","tag-riapertura-scuole","tag-scuole","tag-supplenze","post_tag_personaggi-gianni-garino"],"amp_validity":null,"amp_enabled":true,"_links":{"self":[{"href":"https:\/\/staging.ivg.it\/ediapi\/wp\/v2\/posts\/509640","targetHints":{"allow":["GET"]}}],"collection":[{"href":"https:\/\/staging.ivg.it\/ediapi\/wp\/v2\/posts"}],"about":[{"href":"https:\/\/staging.ivg.it\/ediapi\/wp\/v2\/types\/post"}],"author":[{"embeddable":true,"href":"https:\/\/staging.ivg.it\/ediapi\/wp\/v2\/users\/4"}],"replies":[{"embeddable":true,"href":"https:\/\/staging.ivg.it\/ediapi\/wp\/v2\/comments?post=509640"}],"version-history":[{"count":0,"href":"https:\/\/staging.ivg.it\/ediapi\/wp\/v2\/posts\/509640\/revisions"}],"wp:attachment":[{"href":"https:\/\/staging.ivg.it\/ediapi\/wp\/v2\/media?parent=509640"}],"wp:term":[{"taxonomy":"category","embeddable":true,"href":"https:\/\/staging.ivg.it\/ediapi\/wp\/v2\/categories?post=509640"},{"taxonomy":"post_tag","embeddable":true,"href":"https:\/\/staging.ivg.it\/ediapi\/wp\/v2\/tags?post=509640"}],"curies":[{"name":"wp","href":"https:\/\/api.w.org\/{rel}","templated":true}]}}