{"id":509589,"date":"2020-10-12T11:26:36","date_gmt":"2020-10-12T09:26:36","guid":{"rendered":"http:\/\/www.ivg.it\/?p=509589"},"modified":"2020-10-12T12:19:17","modified_gmt":"2020-10-12T10:19:17","slug":"lassociazione-tra-le-torri-dona-termometri-agli-istituti-scolastici-di-albenga","status":"publish","type":"post","link":"https:\/\/staging.ivg.it\/2020\/10\/lassociazione-tra-le-torri-dona-termometri-agli-istituti-scolastici-di-albenga\/","title":{"rendered":"L\u2019associazione &#8220;Tra le Torri&#8221; dona termometri agli istituti scolastici di Albenga"},"content":{"rendered":"<p><strong>Albenga.<\/strong> \u00c8 terminata nel fine settimana la consegna dei termometri donati dall\u2019associazione \u201cTra le Torri\u201d agli istituti scolastici del territorio.<\/p>\n<p>Affermano i rappresentanti dell\u2019associazione: \u201cLa nostra Associazione si occupa, gi\u00e0 dalla sua costituzione nel 1998, della valorizzazione e della tutela del Centro Storico della citt\u00e0 di Albenga. Nei primi mesi dell&#8217;anno, a causa della pandemia, molte attivit\u00e0 si sono fermate per cui noi, non potendo realizzare i nostri progetti, ci siamo dedicati all&#8217;aspetto sociale. Nei nostri cuori c&#8217;\u00e8 sempre stata la Croce Bianca di Albenga che, gi\u00e0 in passato, ma soprattutto in questo momento di particolare impegno e difficolt\u00e0 abbiamo aiutato con alcune donazioni&#8221;.<\/p>\n<p>&#8220;Poi abbiamo pensato che anche la Scuola avrebbe dovuto affrontare l&#8217;inizio delle lezioni in un momento particolarmente difficile per cui abbiamo deciso di fare questo piccolo gesto fornendo i termometri digitali con l&#8217;auspicio che il loro uso sia di valido ausilio allo svolgimento delle attivit\u00e0 scolastiche. Un ringraziamento particolare all&#8217;Assessore ai Servizi Sociali Simona Vespo per l&#8217;impegno profuso nell&#8217;organizzare gli incontri con i dirigenti scolastici&#8221;.<\/p>\n<p>L\u2019assessore alle politiche sociali, alla pubblica istruzione e al distretto sociosanitario Simona Vespo sottolinea: \u201cVoglio ringraziare innanzitutto l\u2019associazione Tra le Torri per questa bella ed importante iniziativa&#8221;.<\/p>\n<p>&#8220;Colgo l\u2019occasione per ribadire l\u2019importanza del volontariato che \u00e8 la grande forza del nostro territorio. In un periodo difficile come quello vissuto a causa del Covid abbiamo ricevuto tante dimostrazioni di solidariet\u00e0. Albenga ancora una volta ha dimostrato il suo grande cuore restando vicino, con iniziative grandi e piccole a tutte le realt\u00e0 che hanno avuto ed hanno ancora bisogno di sostegno\u201d.<\/p>\n","protected":false},"excerpt":{"rendered":"<p>Un aiuto allo svolgimento delle attivit\u00e0 scolastiche<\/p>\n","protected":false},"author":4,"featured_media":0,"comment_status":"open","ping_status":"closed","sticky":false,"template":"","format":"standard","meta":{"footnotes":""},"categories":[45296,56,34],"tags":[92166,13121,113785,100931],"class_list":["post-509589","post","type-post","status-publish","format-standard","hentry","category-copertina","category-altre","category-cronaca","tag-associazione-tra-le-torri","tag-comune-albenga","tag-covid","tag-scuole-albenga","post_cat_citta-albenga","post_tag_personaggi-simona-vespo"],"amp_validity":null,"amp_enabled":true,"_links":{"self":[{"href":"https:\/\/staging.ivg.it\/ediapi\/wp\/v2\/posts\/509589","targetHints":{"allow":["GET"]}}],"collection":[{"href":"https:\/\/staging.ivg.it\/ediapi\/wp\/v2\/posts"}],"about":[{"href":"https:\/\/staging.ivg.it\/ediapi\/wp\/v2\/types\/post"}],"author":[{"embeddable":true,"href":"https:\/\/staging.ivg.it\/ediapi\/wp\/v2\/users\/4"}],"replies":[{"embeddable":true,"href":"https:\/\/staging.ivg.it\/ediapi\/wp\/v2\/comments?post=509589"}],"version-history":[{"count":0,"href":"https:\/\/staging.ivg.it\/ediapi\/wp\/v2\/posts\/509589\/revisions"}],"wp:attachment":[{"href":"https:\/\/staging.ivg.it\/ediapi\/wp\/v2\/media?parent=509589"}],"wp:term":[{"taxonomy":"category","embeddable":true,"href":"https:\/\/staging.ivg.it\/ediapi\/wp\/v2\/categories?post=509589"},{"taxonomy":"post_tag","embeddable":true,"href":"https:\/\/staging.ivg.it\/ediapi\/wp\/v2\/tags?post=509589"}],"curies":[{"name":"wp","href":"https:\/\/api.w.org\/{rel}","templated":true}]}}