{"id":509253,"date":"2020-10-07T16:23:28","date_gmt":"2020-10-07T14:23:28","guid":{"rendered":"https:\/\/www.ivg.it\/?p=509253"},"modified":"2020-10-07T16:23:28","modified_gmt":"2020-10-07T14:23:28","slug":"ex-savam-di-altare-il-comitato-un-tavolo-con-comune-e-prefettura-per-risolvere-il-problema","status":"publish","type":"post","link":"https:\/\/staging.ivg.it\/2020\/10\/ex-savam-di-altare-il-comitato-un-tavolo-con-comune-e-prefettura-per-risolvere-il-problema\/","title":{"rendered":"Ex Savam di Altare, il Comitato: &#8220;Un tavolo con Comune e Prefettura per risolvere il problema&#8221;"},"content":{"rendered":"<p>Altare. Continua la polemica sulla riqualificazione delle ex vetrerie Savam. Nei giorni scorsi il Comitato del centro storico per la riqualificazione delle aree ex Savam ha ricevuto la risposta all&#8217;esposto presentato il 7 settembre alla Prefettura di Savona.<\/p>\n<p>Dall&#8217;Ufficio del Governo hanno fatto presente che \u201cil Comune di Altare ha comunicato di aver proceduto da tempo a richiedere la sistemazione dell&#8217;area mediante diverse iniziative, all&#8217;esito delle quali Citt\u00e0 del Vetro srl, societ\u00e0 proprietaria dell&#8217;area delle ex vetrerie Savam, ha provveduto alla sistemazione dei ponteggi, ripristinato la rete di protezione, installato le luci di segnalazione e la segnaletica di divieto di transito e deviazione del percorso epdonale nell&#8217;area interessata\u201d.<\/p>\n<p>\u201cPer quanto attiene la sistemazione di rio Gavello, il Comune di Altare comunica di aver provveduto a rilasciare il permesso di costruire relativo alle opere di rifacimento, a seguito del rilascio, da parte della Regione Liguria, dell&#8217;autorizzazione all&#8217;esecuzione dei lavori idraulici di mitigazione del rischio\u201d.<\/p>\n<p>Immediata la replica del Comitato, che in una risposta alla missiva ha reso noto alla Prefettura che \u201cl\u2019attivit\u00e0 di sistemazione, che dovrebbe essere ordinaria, quindi del tutto irrilevante per quanto lamentato, fu svolta prima della segnalazione del Comitato del mese di settembre. Quanto segnalato il 7 settembre rappresenta una situazione molto pi\u00f9 complessa della semplice &#8216;sistemazione&#8217; dei ponteggi, delle reti di recinzione c luci annesse, tema sul quale non si sarebbe certamente costituito il comitato\u201d.<\/p>\n<p>\u201cDurante gli incontri avuti con l&#8217;amministrazione comunale \u00e8 stata manifestala dal sindaco la pi\u00f9 viva preoccupazione per la difficolt\u00e0 ad interloquire in maniera costruttiva con la propriet\u00e0 privata, per cui sorprende e rammarica la risposta fornita dal Comune di Altare, che sembrerebbe mirata a minimizzare la situazione, lasciando intendere che sia stata risolta col minimale intervento ivi indicato. In tema di ponteggio insistiamo che il medesimo ingombra il marciapiede pubblico da oltre 15 anni, avendone sottratto l\u2019uso alla collettivit\u00e0 per un periodo divenuto irragionevole, in quanto oltrepassa lo scopo di cantierizzazione e messa in sicurezza temporanea per il quale fu installato, avendo ormai concretizzato de facto una inammissibile occupazione definitiva dell&#8217;infrastruttura stradale\u201d.<\/p>\n<p>Per questo motivo il comitato chiede \u201cche la Prefettura voglia convocare il Comune di Altare, il nostro Comitato e tutte le altre istituzioni ritenute pi\u00f9 opportune (ad esempio: assessorato regionale all&#8217;urbanistica e tutela del paesaggio. Soprintendenza ai beni culturali che ha imposto un vincolo sull&#8217;area), al fine di individuare e coordinare sul piano amministrativo e tecnico-operativo tutte le azioni necessarie per risolvere l&#8217;annoso problema, il quale non \u00e8 pi\u00f9 tollerabile dalla cittadinanza, che non riesce ad ottenere una qualche soluzione secondo un normale iter amministrativo (che dovrebbe procedere d&#8217;ufficio) mirato alla tutela della pubblica incolumit\u00e0, del decoro e della salubrit\u00e0 pubblica\u201d.<\/p>\n","protected":false},"excerpt":{"rendered":"<p>Nei giorni scorsi il Comitato del centro storico per la riqualificazione delle aree ex Savam ha ricevuto la risposta all&#8217;esposto<\/p>\n","protected":false},"author":20857,"featured_media":0,"comment_status":"open","ping_status":"closed","sticky":false,"template":"","format":"standard","meta":{"footnotes":""},"categories":[34,35],"tags":[115590,111968],"class_list":["post-509253","post","type-post","status-publish","format-standard","hentry","category-cronaca","category-economia","tag-comitato-ex-savam","tag-riqualificazione-ex-savam","post_cat_citta-altare"],"amp_validity":null,"amp_enabled":true,"_links":{"self":[{"href":"https:\/\/staging.ivg.it\/ediapi\/wp\/v2\/posts\/509253","targetHints":{"allow":["GET"]}}],"collection":[{"href":"https:\/\/staging.ivg.it\/ediapi\/wp\/v2\/posts"}],"about":[{"href":"https:\/\/staging.ivg.it\/ediapi\/wp\/v2\/types\/post"}],"author":[{"embeddable":true,"href":"https:\/\/staging.ivg.it\/ediapi\/wp\/v2\/users\/20857"}],"replies":[{"embeddable":true,"href":"https:\/\/staging.ivg.it\/ediapi\/wp\/v2\/comments?post=509253"}],"version-history":[{"count":0,"href":"https:\/\/staging.ivg.it\/ediapi\/wp\/v2\/posts\/509253\/revisions"}],"wp:attachment":[{"href":"https:\/\/staging.ivg.it\/ediapi\/wp\/v2\/media?parent=509253"}],"wp:term":[{"taxonomy":"category","embeddable":true,"href":"https:\/\/staging.ivg.it\/ediapi\/wp\/v2\/categories?post=509253"},{"taxonomy":"post_tag","embeddable":true,"href":"https:\/\/staging.ivg.it\/ediapi\/wp\/v2\/tags?post=509253"}],"curies":[{"name":"wp","href":"https:\/\/api.w.org\/{rel}","templated":true}]}}