{"id":509249,"date":"2020-10-07T15:31:34","date_gmt":"2020-10-07T13:31:34","guid":{"rendered":"http:\/\/www.ivg.it\/?p=509249"},"modified":"2020-10-07T15:31:34","modified_gmt":"2020-10-07T13:31:34","slug":"coronavirus-da-domani-mascherina-sempre-con-se-sara-stato-di-emergenza-fino-al-31-gennaio","status":"publish","type":"post","link":"https:\/\/staging.ivg.it\/2020\/10\/coronavirus-da-domani-mascherina-sempre-con-se-sara-stato-di-emergenza-fino-al-31-gennaio\/","title":{"rendered":"Coronavirus, da domani mascherina \u201csempre con s\u00e9\u201d. Sar\u00e0 stato di emergenza fino al 31 gennaio"},"content":{"rendered":"<p><strong>Liguria<\/strong>. E&#8217; stato approvato dal consiglio dei ministri il decreto legge che delinea la cornice normativa dei provvedimenti anti contagio per far fronte all\u2019emergenza Covid. Il testo introduce l\u2019obbligo di\u00a0<strong>portare sempre con s\u00e9 le mascherine<\/strong>\u00a0e prevede anche che\u00a0<strong>le Regioni non possano adottare norme meno restrittive di quelle del governo<\/strong>, salvo specifiche eccezioni concordate con il ministro della Salute.<\/p>\n<p>Ai governatori resta invece la possibilit\u00e0 di adottare ordinanze pi\u00f9 restrittive.<\/p>\n<p>Il cdm che ha dato l\u2019ok alla proroga dello\u00a0<strong>stato di emergenza al 31 gennaio<\/strong>, \u00e8 terminato. La riunione \u00e8 durata poco meno di due ore. Entro il 15 ottobre sar\u00e0 adottato il nuovo dpcm all\u2019interno della cornice del decreto approvato oggi.<\/p>\n<p><strong>Diventa da domani<\/strong>\u00a0(giorno in cui sar\u00e0 pubblicato il decreto legge)\u00a0<strong>effettivo l\u2019obbligo di indossare le mascherine anche all\u2019aperto<\/strong>, se si \u00e8 vicini a persone non conviventi. L\u2019obbligo non sussiste se si \u00e8 in un luogo isolato o solo con persone conviventi.<\/p>\n<p>Il testo del dl prevede infatti l\u2019 \u201co<em>bbligo di avere sempre con s\u00e9, dispositivi di protezione delle vie respiratorie, con possibilit\u00e0 di prevederne l\u2019obbligatoriet\u00e0 dell\u2019utilizzo nei luoghi al chiuso accessibili al pubblico, inclusi i mezzi di trasporto, e in tutti i luoghi all\u2019aperto allorch\u00e9 si sia in prossimit\u00e0 di altre persone non conviventi, e comunque con salvezza dei protocolli anti-contagio previsti per specifiche attivit\u00e0 economiche, produttive e sociali, nonch\u00e9 delle linee guida per il consumo di cibi e bevande, restando esclusi dai detti obblighi:\u00a0i soggetti che stanno svolgendo attivit\u00e0 sportiva;\u00a0i bambini di et\u00e0 inferiore ai sei anni;\u00a0i soggetti con patologie o disabilit\u00e0 incompatibili con l\u2019uso della mascherina, nonch\u00e9 coloro che per interagire con i predetti versino nella stessa incompatibilit\u00e0.<\/em><\/p>\n","protected":false},"excerpt":{"rendered":"<p>Le Regioni non possano adottare norme meno restrittive di quelle del governo, salvo specifiche eccezioni concordate con il ministro della Salute<\/p>\n","protected":false},"author":12120,"featured_media":0,"comment_status":"open","ping_status":"closed","sticky":false,"template":"","format":"standard","meta":{"footnotes":""},"categories":[45296,31],"tags":[8458,111891],"class_list":["post-509249","post","type-post","status-publish","format-standard","hentry","category-copertina","category-politica","tag-consiglio-dei-ministri","tag-coronavirus"],"amp_validity":null,"amp_enabled":true,"_links":{"self":[{"href":"https:\/\/staging.ivg.it\/ediapi\/wp\/v2\/posts\/509249","targetHints":{"allow":["GET"]}}],"collection":[{"href":"https:\/\/staging.ivg.it\/ediapi\/wp\/v2\/posts"}],"about":[{"href":"https:\/\/staging.ivg.it\/ediapi\/wp\/v2\/types\/post"}],"author":[{"embeddable":true,"href":"https:\/\/staging.ivg.it\/ediapi\/wp\/v2\/users\/12120"}],"replies":[{"embeddable":true,"href":"https:\/\/staging.ivg.it\/ediapi\/wp\/v2\/comments?post=509249"}],"version-history":[{"count":0,"href":"https:\/\/staging.ivg.it\/ediapi\/wp\/v2\/posts\/509249\/revisions"}],"wp:attachment":[{"href":"https:\/\/staging.ivg.it\/ediapi\/wp\/v2\/media?parent=509249"}],"wp:term":[{"taxonomy":"category","embeddable":true,"href":"https:\/\/staging.ivg.it\/ediapi\/wp\/v2\/categories?post=509249"},{"taxonomy":"post_tag","embeddable":true,"href":"https:\/\/staging.ivg.it\/ediapi\/wp\/v2\/tags?post=509249"}],"curies":[{"name":"wp","href":"https:\/\/api.w.org\/{rel}","templated":true}]}}