{"id":509246,"date":"2020-10-07T16:42:46","date_gmt":"2020-10-07T14:42:46","guid":{"rendered":"http:\/\/www.ivg.it\/?p=509246"},"modified":"2020-10-07T16:42:46","modified_gmt":"2020-10-07T14:42:46","slug":"mensa-scolastica-in-ritardo-nel-savonese-e-i-genitori-insorgono-niente-tempo-pieno-ce-lhanno-detto-3-giorni-prima","status":"publish","type":"post","link":"https:\/\/staging.ivg.it\/2020\/10\/mensa-scolastica-in-ritardo-nel-savonese-e-i-genitori-insorgono-niente-tempo-pieno-ce-lhanno-detto-3-giorni-prima\/","title":{"rendered":"Mensa scolastica in ritardo nel savonese e i genitori insorgono: &#8220;Niente tempo pieno, ce l&#8217;hanno detto 3 giorni prima&#8221;"},"content":{"rendered":"<p><strong>Provincia<\/strong>. E&#8217; trascorso<strong> quasi un mese dal primo giorno di scuola,<\/strong> <strong>ma<\/strong>\u00a0<strong>numerosi sono gli istituti savonesi che non hanno ancora adottato l&#8217;orario definito e a tempo pieno<\/strong>, e di conseguenza avviato il servizio di mensa scolastica. Questo ovviamente con pesanti ripercussioni sulla gestione dei figli da parte dei genitori, a cui era stato assicurato che la refezione sarebbe ripresa ai primi di ottobre.<\/p>\n<p>&#8220;<strong>Gioved\u00ec c&#8217;\u00e8 stato segnalato<\/strong>, senza che ci fossero fornite altre spiegazioni, <strong>lo slittamento del servizio mensa in tutte le primarie di Savona e Albisola<\/strong> &#8211; lamentano alcuni genitori savonesi &#8211; Comprendiamo, come sempre ormai, il periodo pieno di problematiche. Ma la cosa ha creato <strong>un ulteriore disagio a tutte quelle famiglie<\/strong> <strong>che, per necessit\u00e0 lavorative, avevano iscritto i propri figli al tempo pieno<\/strong> e che ora, con soli tre giorni di anticipo, devono trovare per conto proprio una soluzione a questo ulteriore disagio creato dalle istituzioni&#8221;.\u00a0<strong>Ma lo stesso disagio<\/strong>\u00a0\u00e8 percepibile <strong>in diverse realt\u00e0 del territorio provinciale<\/strong>.<\/p>\n<p>A far da capofila \u00e8 <strong>Savona<\/strong>, che<strong>\u00a0per la mancanza di insegnanti<\/strong> che possano accompagnare gli studenti fino alle ore pomeridiane, <strong>non ha ancora attivato il servizio di mensa scolastica<\/strong>. L&#8217;assessore savonese all&#8217;istruzione Ileana Romagnoli afferma che &#8220;appena i dirigenti scolastici ottengono il personale richiesto dal ministero per il doppio turno, il servizio mensa ritorner\u00e0 a funzionare con le regole specifiche per affrontare l&#8217;emergenza Covid. Tuttavia, ad oggi, non si pu\u00f2 ancora affermare una data effettiva di inizio&#8221;.<\/p>\n<p>&#8220;La Camst, che si occupa propriamente del servizio mensa, era gi\u00e0 pronta a preparare i pasti ai ragazzi &#8211; fa sapere Romagnoli &#8211; aveva anche gi\u00e0 acquistato i prodotti freschi, ma con i ritardi nelle graduatorie per la selezione dell&#8217;organico, non si pu\u00f2 ancora pensare a un ritorno del tempo pieno e con s\u00e8 del servizio mensa&#8221;.<\/p>\n<p>Anche l&#8217;istituto comprensivo di<strong>\u00a0Cairo Montenotte<\/strong> <strong>\u00e8 vittima della stessa mancanza di docenti,<\/strong> fattore che ha influito, <strong>insieme ai lavori effettuati all&#8217;interno dei locali adibiti alla mensa scolastica della scuola primaria<\/strong>, di uno slittamento nella partenza del servizio di ristorazione scolastica. La dirigente scolastica Elisabetta Di Scanno comunque afferma che &#8220;dalla prossima settimana si pu\u00f2 pensare all&#8217;attivazione del servizio mensa per alcune classi della scuola, mentre per il resto \u00e8 possibile un&#8217;attesa pi\u00f9 prolungata, ma tutto dipender\u00e0 dal provveditorato e dai tempi tecnici per l&#8217;attivazione del tempo pieno&#8221;.<\/p>\n<p>Anche ad <strong>Andora<\/strong> e a <strong>Laigueglia<\/strong> lo stesso servizio non \u00e8 partito in tempo con <strong>sorpresa dall&#8217;amministrazione comunale<\/strong> delle due citt\u00e0: \u201cSono stati cancellati i rientri pomeridiani e il servizio mensa nella scuola secondaria di primo grado e nessuno ha consultato e avvisato le amministrazioni &#8211; hanno dichiarato i sindaci Demichelis e Sasso del Verme &#8211; Ne abbiamo avuto notizia dai genitori, informati dai rappresentanti di classe con una lettera che annunciava il cambio di orario. <strong>Gli uffici comunali hanno continuato a lavorare fino all&#8217;ultimo per garantire il servizio ma non hanno ricevuto chiarimenti<\/strong>&#8220;. Tra l&#8217;altro per attivare il servizio, il Comune di Andora ha investito una somma\u00a0di 110 mila euro (<a href=\"https:\/\/www.ivg.it\/2020\/10\/scuole-medie-di-andora-e-laigueglia-cancellati-il-servizio-mensa-e-i-rientri-pomeridiani\/\"><em><strong>leggi qui<\/strong><\/em><\/a>).<\/p>\n<p>L&#8217;istituto comprensivo di <strong>Albisola Superiore<\/strong> ha deciso di posticipare l&#8217;orario definitivo delle lezioni, con l&#8217;implementazione del tempo pieno, e cos\u00ec anche qui il servizio mensa \u00e8 slittato in attesa della stabilizzazione dell&#8217;orario scolastico. L&#8217;assessore all&#8217;istruzione Simona Poggi assicura che &#8220;<strong>dalla prossima settimana l&#8217;orario scolastico si dilater\u00e0 con un&#8217;ora in pi\u00f9<\/strong>. Con molta probabilit\u00e0 il servizio mensa partir\u00e0 cos\u00ec il 12 ottobre. In occasione tuttavia dovranno ancora essere effettuare le riunioni con la dirigente scolastica per stabilire con certezza il tutto&#8221;.<\/p>\n<p>All&#8217;interno dell&#8217;istituto comprensivo di <strong>Carcare e di Albenga invece il servizio mensa \u00e8 partito regolarmente luned\u00ec 5 ottobre.<\/strong> &#8220;Tutto \u00e8 stato organizzato per turni con l&#8217;impegno dell&#8217;amministrazione comunale e della dirigente scolastica che hanno provveduto a svolgere tutte le riunioni con il personale che si occupa della mensa &#8211; afferma l&#8217;assessore alla pubblica istruzione del Comune di Carcare Alessandro Ferraro &#8211; A luglio e agosto \u00e8 stato perfezionato tutto il servizio secondo le normative anti-Covid&#8221;. Ad Albenga, il dirigente scolastico Mos\u00e8 Laurenzano afferma che &#8220;ci sono <strong>alcune differenze nella turnazione del servizio di ristorazione, ma non si sono rilevati particolari problemi<\/strong> nel far partire regolarmente il servizio mensa&#8221;.<\/p>\n<p>&nbsp;<\/p>\n<p>&nbsp;<\/p>\n","protected":false},"excerpt":{"rendered":"<p>Assessore Romagnoli: &#8220;Appena i dirigenti scolastici ottengono il personale richiesto partir\u00e0 il servizio&#8221;<\/p>\n","protected":false},"author":18838,"featured_media":0,"comment_status":"open","ping_status":"closed","sticky":false,"template":"","format":"standard","meta":{"footnotes":""},"categories":[45296,57712,34],"tags":[113785,8169,689],"class_list":["post-509246","post","type-post","status-publish","format-standard","hentry","category-copertina","category-bambini","category-cronaca","tag-covid","tag-mensa-scolastica","tag-scuole","post_cat_citta-provincia","post_tag_personaggi-ileana-romagnoli","post_tag_personaggi-simona-poggi"],"amp_validity":null,"amp_enabled":true,"_links":{"self":[{"href":"https:\/\/staging.ivg.it\/ediapi\/wp\/v2\/posts\/509246","targetHints":{"allow":["GET"]}}],"collection":[{"href":"https:\/\/staging.ivg.it\/ediapi\/wp\/v2\/posts"}],"about":[{"href":"https:\/\/staging.ivg.it\/ediapi\/wp\/v2\/types\/post"}],"author":[{"embeddable":true,"href":"https:\/\/staging.ivg.it\/ediapi\/wp\/v2\/users\/18838"}],"replies":[{"embeddable":true,"href":"https:\/\/staging.ivg.it\/ediapi\/wp\/v2\/comments?post=509246"}],"version-history":[{"count":0,"href":"https:\/\/staging.ivg.it\/ediapi\/wp\/v2\/posts\/509246\/revisions"}],"wp:attachment":[{"href":"https:\/\/staging.ivg.it\/ediapi\/wp\/v2\/media?parent=509246"}],"wp:term":[{"taxonomy":"category","embeddable":true,"href":"https:\/\/staging.ivg.it\/ediapi\/wp\/v2\/categories?post=509246"},{"taxonomy":"post_tag","embeddable":true,"href":"https:\/\/staging.ivg.it\/ediapi\/wp\/v2\/tags?post=509246"}],"curies":[{"name":"wp","href":"https:\/\/api.w.org\/{rel}","templated":true}]}}