{"id":509240,"date":"2020-10-07T14:27:14","date_gmt":"2020-10-07T12:27:14","guid":{"rendered":"http:\/\/www.ivg.it\/?p=509240"},"modified":"2020-10-07T14:27:14","modified_gmt":"2020-10-07T12:27:14","slug":"legna-sulle-spiagge-di-albenga-il-sindaco-autorizza-i-cittadini-a-raccoglierlo","status":"publish","type":"post","link":"https:\/\/staging.ivg.it\/2020\/10\/legna-sulle-spiagge-di-albenga-il-sindaco-autorizza-i-cittadini-a-raccoglierlo\/","title":{"rendered":"Legna sulle spiagge di Albenga, il sindaco autorizza i cittadini a raccoglierlo"},"content":{"rendered":"<p><strong>Albenga<\/strong>. Visto il materiale accumulato sul litorale a causa degli eventi meteo-marini dei giorni scorsi, il sindaco di Albenga Riccardo Tomatis ha emesso un&#8217;apposita ordinanza (la numero 361 del 7 ottobre) per lo smaltimento.<\/p>\n<p>Con l&#8217;ordinanza, il primo cittadino ordina ai titolari delle concessioni demaniali marittime interessati e alla ditta Sat di separare i materiali lignei e vegetali (legno, sterpaglie, paglia, fogliame, ecc.) da eventuali altri materiali presenti sugli arenili. Tale operazione deve avvenire secondo le seguenti prescrizioni: deve essere privato da tutto il materiale estraneo (carta, plastica, gomme etc.) che dovr\u00e0 essere gestito nel rispetto della normativa sui rifiuti; non deve contenere materiale legnoso lavorato o con evidenti segni di inquinamento, qualora tale materiale sia presente dovr\u00e0 essere allontanato e gestito nel rispetto della normativa sui rifiuti; deve essere accumulato lontano da strutture o manufatti presenti sul litorale.<\/p>\n<p>Il sindaco autorizza poi i cittadini interessati alla raccolta, rimozione, asporto e riutilizzo del materiale ligneo accumulato sulla spiaggia. Ci\u00f2 deve avvenire nel rispetto delle seguenti prescrizioni: la raccolta \u00e8 limitata al materiale ligneo accumulato sulla spiaggia; la raccolta \u00e8 finalizzata all&#8217;uso personale e non dovr\u00e0 avere scopo di lucro; l&#8217;impiego eventuale di mezzi meccanici per i privati cittadini deve essere limitato esclusivamente alle operazioni del trasporto del materiale legnoso fuori dall&#8217;area demaniale; la raccolta della legna potr\u00e0 avvenire dalle 7 alle 16 nei giorni dal luned\u00ec al sabato e dalle 7 alle 10 la domenica, ed il trasporto dovr\u00e0 essere effettuato esclusivamente sulla viabilit\u00e0 esistente; la responsabilit\u00e0 di quanto sopra resta a carico di chi effettua le operazioni mantenendo indenne e manlevata l&#8217;amministrazione comunale da eventuali richieste di risarcimento danni od oneri.<\/p>\n<p>Gli interventi saranno consentiti sino al 6 novembre.<\/p>\n","protected":false},"excerpt":{"rendered":"<p>Ordinanza ad hoc per la rimozione del materiale spiaggiato<\/p>\n","protected":false},"author":12120,"featured_media":0,"comment_status":"open","ping_status":"closed","sticky":false,"template":"","format":"standard","meta":{"footnotes":""},"categories":[45296,56],"tags":[14591,52717],"class_list":["post-509240","post","type-post","status-publish","format-standard","hentry","category-copertina","category-altre","tag-comune-di-albenga","tag-legname-spiaggiato","post_cat_citta-albenga","post_tag_personaggi-riccardo-tomatis-2"],"amp_validity":null,"amp_enabled":true,"_links":{"self":[{"href":"https:\/\/staging.ivg.it\/ediapi\/wp\/v2\/posts\/509240","targetHints":{"allow":["GET"]}}],"collection":[{"href":"https:\/\/staging.ivg.it\/ediapi\/wp\/v2\/posts"}],"about":[{"href":"https:\/\/staging.ivg.it\/ediapi\/wp\/v2\/types\/post"}],"author":[{"embeddable":true,"href":"https:\/\/staging.ivg.it\/ediapi\/wp\/v2\/users\/12120"}],"replies":[{"embeddable":true,"href":"https:\/\/staging.ivg.it\/ediapi\/wp\/v2\/comments?post=509240"}],"version-history":[{"count":0,"href":"https:\/\/staging.ivg.it\/ediapi\/wp\/v2\/posts\/509240\/revisions"}],"wp:attachment":[{"href":"https:\/\/staging.ivg.it\/ediapi\/wp\/v2\/media?parent=509240"}],"wp:term":[{"taxonomy":"category","embeddable":true,"href":"https:\/\/staging.ivg.it\/ediapi\/wp\/v2\/categories?post=509240"},{"taxonomy":"post_tag","embeddable":true,"href":"https:\/\/staging.ivg.it\/ediapi\/wp\/v2\/tags?post=509240"}],"curies":[{"name":"wp","href":"https:\/\/api.w.org\/{rel}","templated":true}]}}