{"id":509226,"date":"2020-10-07T12:36:44","date_gmt":"2020-10-07T10:36:44","guid":{"rendered":"http:\/\/www.ivg.it\/?p=509226"},"modified":"2020-10-07T12:42:43","modified_gmt":"2020-10-07T10:42:43","slug":"fridays-for-future-lancia-lo-sciopero-scolastico-per-il-clima-sit-in-a-savona","status":"publish","type":"post","link":"https:\/\/staging.ivg.it\/2020\/10\/fridays-for-future-lancia-lo-sciopero-scolastico-per-il-clima-sit-in-a-savona\/","title":{"rendered":"Fridays for Future lancia nuovo sciopero scolastico per il clima: sit-in a Savona"},"content":{"rendered":"<p>Arriva anche a <strong>Savona<\/strong> il quinto sciopero per il clima proclamato da Fridays for Future: l&#8217;appuntamento, come in altre piazze italiane, \u00e8 per venerd\u00ec 9 ottobre, alle ore 10.00, in piazza Sisto, dove partir\u00e0 un corteo studentesco.<\/p>\n<p>Il movimento per la salvaguardia dell&#8217;ambiente ha invitato tutte e tutti a scioperare da una giornata di scuola o di lavoro e ad unirsi alla mobilitazione della propria citt\u00e0, o organizzandone una da zero. Affinch\u00e9 l&#8217;adesione sia sicura per tutti, Fridays for Future si impegna a rispettare le disposizioni di sicurezza per la protezione contro il coronavirus. Le azioni varieranno di citt\u00e0 in citt\u00e0 in modo da poter garantire ovunque la sicurezza dei partecipanti: l&#8217;invito \u00e8 quello di indossare la mascherina e rispettare il distanziamento sociale.<\/p>\n<p>&#8220;Siamo costretti a tornare in piazza per chiedere alle istituzioni di agire. La pandemia ha reso evidenti le contraddizioni del nostro sistema economico e sociale, costringendoci ad affrontare la realt\u00e0, ascoltare la scienza e trattare ogni situazione di emergenza come tale. Nonostante ci\u00f2 la crisi climatica continua ad essere ignorata e trascurata dalla classe politica. Nessun governo &#8211; men che meno quello italiano &#8211; ha cominciato ad affrontare in modo serio i numerosi richiami ed allarmi che la comunit\u00e0 scientifica ci ha fornito fino ad oggi. I politici hanno tutti gli strumenti per comprendere la portata esistenziale dell&#8217;emergenza ambientale, climatica ed ecologica che stiamo affrontando. Gli incendi, gli uragani, la siccit\u00e0, la distruzione dei raccolti, le alluvioni e le migrazioni stanno gi\u00e0 oggi mietendo vittime e di anno in anno rendono la vita sempre pi\u00f9 difficile a milioni di persone in tutto il mondo&#8221;. <\/p>\n<p>&#8220;Perch\u00e9 tutto questo ancora non basta ai nostri politici per decidersi ad agire? Perch\u00e9 tocca ancora noi &#8211; ragazzi, studenti, lavoratori &#8211; scendere in strada e cercare di scuoterli?&#8221;.<\/p>\n<p>&#8220;Perch\u00e9 questa decade \u00e8 cruciale per la sopravvivenza della nostra societ\u00e0: le scelte che facciamo, le decisioni che prendiamo, le politiche che adottiamo saranno determinanti per il futuro delle prossime generazioni. Il 2020 deve essere l&#8217;anno dove cominciare ad implementare le giuste politiche di transizione ecologica, dove lavorare per avere una speranza di contenere il riscaldamento globale entro i + 1.5 gradi \u00b0C di aumento medio delle temperature globali rispetto ai livelli pre-industriali, evitando cos\u00ec le conseguenze peggiori della crisi climatica. Ogni paese dovr\u00e0 far e la sua parte, e rispettare gli Accordi di Parigi che ha sottoscritto per salvaguardare il nostro clima e conseguentemente il nostro Futuro su questo pianeta&#8221;.<\/p>\n<p>&#8220;Come affermato da molti scienziati ed economisti, le misure per la ripartenza dopo il lockdown sono un&#8217;occasione irripetibile per avviare la riconversione ecologica, facendone lo strumento per risollevare l&#8217;economia &#8211; creando nuovi, diversi lavori &#8211; e risolvere al contempo i problemi sociali del nostro paese. Insieme a decine di esperti e associazioni, Fridays for Future ha raccolto nella campagna &#8220;Ritorno al Futuro&#8221; un gran numero di proposte concrete ( https:\/\/ritornoalfuturo.org\/le-proposte\/ ) per il governo italiano, che tuttavia si sta muovendo nella direzione opposta, cercando di tornare alla &#8220;vecchia normalit\u00e0&#8221;, il business as usual, incentivando l&#8217;economia basata sui combustibili fossili e spendendo denaro per ripristinare un passato malato e non per costruire un futuro migliore&#8221;.<\/p>\n<p>&#8220;Siamo ancora in tempo per cambiare tutto. \u2013 concludono con forza i Fridays for Future \u2013 Ma dobbiamo fare in fretta, e trattare la crisi climatica come una vera crisi. Abbiamo bisogno che la politica dia la priorit\u00e0 alla sopravvivenza dell&#8217;umanit\u00e0 piuttosto che all&#8217;avidit\u00e0 di pochi. Abbiamo bisogno, di un&#8217;economia non pi\u00f9 basata sul PIL ma sul benessere delle persone e la tutela degli ecosistemi, di un&#8217;Europa che si impegni a ripagare il suo debito con il sud del mondo. Abbiamo bisogno di un Ritorno al Futuro. E per questo abbiamo bisogno che tutti si attivino in prima persona&#8221;.<\/p>\n","protected":false},"excerpt":{"rendered":"<p>Venerd\u00ec 9 ottobre, alle ore 10.00, in piazza Sisto: corteo e altri eventi di sensibilizzazione<\/p>\n","protected":false},"author":4,"featured_media":0,"comment_status":"open","ping_status":"closed","sticky":false,"template":"","format":"standard","meta":{"footnotes":""},"categories":[45296,34,35,31],"tags":[106222,109719],"class_list":["post-509226","post","type-post","status-publish","format-standard","hentry","category-copertina","category-cronaca","category-economia","category-politica","tag-fridays-for-future","tag-marca-per-il-clima","post_cat_citta-savona"],"amp_validity":null,"amp_enabled":true,"_links":{"self":[{"href":"https:\/\/staging.ivg.it\/ediapi\/wp\/v2\/posts\/509226","targetHints":{"allow":["GET"]}}],"collection":[{"href":"https:\/\/staging.ivg.it\/ediapi\/wp\/v2\/posts"}],"about":[{"href":"https:\/\/staging.ivg.it\/ediapi\/wp\/v2\/types\/post"}],"author":[{"embeddable":true,"href":"https:\/\/staging.ivg.it\/ediapi\/wp\/v2\/users\/4"}],"replies":[{"embeddable":true,"href":"https:\/\/staging.ivg.it\/ediapi\/wp\/v2\/comments?post=509226"}],"version-history":[{"count":0,"href":"https:\/\/staging.ivg.it\/ediapi\/wp\/v2\/posts\/509226\/revisions"}],"wp:attachment":[{"href":"https:\/\/staging.ivg.it\/ediapi\/wp\/v2\/media?parent=509226"}],"wp:term":[{"taxonomy":"category","embeddable":true,"href":"https:\/\/staging.ivg.it\/ediapi\/wp\/v2\/categories?post=509226"},{"taxonomy":"post_tag","embeddable":true,"href":"https:\/\/staging.ivg.it\/ediapi\/wp\/v2\/tags?post=509226"}],"curies":[{"name":"wp","href":"https:\/\/api.w.org\/{rel}","templated":true}]}}