{"id":508802,"date":"2020-10-02T15:11:33","date_gmt":"2020-10-02T13:11:33","guid":{"rendered":"http:\/\/www.ivg.it\/?p=508802"},"modified":"2020-10-02T15:12:49","modified_gmt":"2020-10-02T13:12:49","slug":"riaprono-al-pubblico-su-appuntamento-uffici-dellinps-ad-albenga-finale-e-carcare","status":"publish","type":"post","link":"https:\/\/staging.ivg.it\/2020\/10\/riaprono-al-pubblico-su-appuntamento-uffici-dellinps-ad-albenga-finale-e-carcare\/","title":{"rendered":"Riaprono al pubblico (su appuntamento) gli uffici dell&#8217;Inps ad Albenga, Finale e Carcare"},"content":{"rendered":"<p><strong>Provincia<\/strong>.\u00a0Da luned\u00ec 5 ottobre l\u2019agenzia Inps di Albenga e di Finale Ligure riaprono al pubblico esclusivamente su appuntamento, sia per i servizi informativi tradizionali che per i servizi veloci e a bassa complessit\u00e0 dal luned\u00ec al venerd\u00ec dalle ore 8.30 alle 12.30.<\/p>\n<p>Dal 6 ottobre riaprir\u00e0 al pubblico anche il punto INPS di Carcare, sempre su appuntamento, solo il marted\u00ec dalle ore 8.30 alle ore 12.30.<\/p>\n<p>Sar\u00e0 possibile prenotare l\u2019appuntamento secondo le seguenti modalit\u00e0:\u00a0telefonando al Contact Center nazionale, raggiungibile ai seguenti numeri: 803.164, gratuito da telefono fisso; 06.164164, da telefono mobile (tariffa secondo operatore telefonico). I numeri sono attivi dal luned\u00ec al venerd\u00ec dalle 08.00 alle 20.00 e il sabato dalle 8.00 alle 14.00; utilizzando l&#8217;app \u201cINPS Mobile\u201d &#8211; scaricabile dagli store Apple e Android. Gli utenti muniti di Pin, potranno prenotare accedendo all\u2019area riservata del sito Internet dell\u2019Istituto<a href=\"http:\/\/www.inps.it\"> www.inps.it.<\/a><\/p>\n<p>L\u2019utenza inoltre potr\u00e0 richiedere informazioni Inps anche contattando il Contact Center nazionale ai numeri sopra evidenziati.<\/p>\n","protected":false},"excerpt":{"rendered":"<p>Tutti gli orari <\/p>\n","protected":false},"author":18838,"featured_media":0,"comment_status":"open","ping_status":"closed","sticky":false,"template":"","format":"standard","meta":{"footnotes":""},"categories":[45296,56],"tags":[],"class_list":["post-508802","post","type-post","status-publish","format-standard","hentry","category-copertina","category-altre","post_cat_citta-albenga","post_cat_citta-carcare","post_cat_citta-finale-ligure"],"amp_validity":null,"amp_enabled":true,"_links":{"self":[{"href":"https:\/\/staging.ivg.it\/ediapi\/wp\/v2\/posts\/508802","targetHints":{"allow":["GET"]}}],"collection":[{"href":"https:\/\/staging.ivg.it\/ediapi\/wp\/v2\/posts"}],"about":[{"href":"https:\/\/staging.ivg.it\/ediapi\/wp\/v2\/types\/post"}],"author":[{"embeddable":true,"href":"https:\/\/staging.ivg.it\/ediapi\/wp\/v2\/users\/18838"}],"replies":[{"embeddable":true,"href":"https:\/\/staging.ivg.it\/ediapi\/wp\/v2\/comments?post=508802"}],"version-history":[{"count":0,"href":"https:\/\/staging.ivg.it\/ediapi\/wp\/v2\/posts\/508802\/revisions"}],"wp:attachment":[{"href":"https:\/\/staging.ivg.it\/ediapi\/wp\/v2\/media?parent=508802"}],"wp:term":[{"taxonomy":"category","embeddable":true,"href":"https:\/\/staging.ivg.it\/ediapi\/wp\/v2\/categories?post=508802"},{"taxonomy":"post_tag","embeddable":true,"href":"https:\/\/staging.ivg.it\/ediapi\/wp\/v2\/tags?post=508802"}],"curies":[{"name":"wp","href":"https:\/\/api.w.org\/{rel}","templated":true}]}}