{"id":507829,"date":"2020-09-20T16:32:36","date_gmt":"2020-09-20T14:32:36","guid":{"rendered":"http:\/\/www.ivg.it\/?p=507829"},"modified":"2020-09-20T16:32:47","modified_gmt":"2020-09-20T14:32:47","slug":"savona-un-lettore-degrado-sporcizia-e-incuria-della-casa-romana-a-legino","status":"publish","type":"post","link":"https:\/\/staging.ivg.it\/2020\/09\/savona-un-lettore-degrado-sporcizia-e-incuria-della-casa-romana-a-legino\/","title":{"rendered":"Savona, un lettore: &#8220;Degrado, sporcizia e incuria della Casa Romana a Legino&#8221;"},"content":{"rendered":"<p><strong>Savona<\/strong>. Sterpaglie che potrebbe causare un incendio, sporcizia e nidi di vespe e topi che possono creare rischi per la salute. Sono questi i problemi che affliggono l&#8217;area della \u201cCasa Romana\u201d di Legino secondo un lettore di IVG.it che abita da cinque anni in zona.<\/p>\n<div class=\"single-img-content-container fullwidth-single shortcode standard\">\n    <div class=\"image_container\" style=\"text-align: center;\">\n        <picture class=\" lazyload\"><img loading=\"lazy\" class=\"lazy\" data-srcset=\"https:\/\/www.ivg.it\/photogallery_new\/images\/2020\/09\/generica-646460.jpg 1024w, https:\/\/www.ivg.it\/photogallery_new\/images\/2020\/09\/generica-646460.jpg 970w, https:\/\/www.ivg.it\/photogallery_new\/images\/2020\/09\/generica-646460.jpg 660w, https:\/\/www.ivg.it\/photogallery_new\/images\/2020\/09\/generica-646460.jpg 316w, https:\/\/www.ivg.it\/photogallery_new\/images\/2020\/09\/generica-646460.jpg 150w\"  data-src=\"https:\/\/www.ivg.it\/photogallery_new\/images\/2020\/09\/generica-646460.jpg\" alt=\"Casa Romana Legino\" \/><\/picture>\r\n\n    <\/div>\n    <\/div>\n\n<p>\u201cVorrei segnalare come in tutto questo tempo non \u00e8 mai stata eseguita manutenzione della zona all&#8217;interno dell&#8217;area recintata che si presenta ormai totalmente abbandonata, invasa dalle sterpaglie, dalla sporcizia, infestata da nidi di vespe e topi. Gi\u00e0 <a href=\"https:\/\/www.ivg.it\/2016\/09\/savona-4-anni-la-presentazione-pompa-magna-oggi-la-villa-romana-legino-dimenticata-le-erbacce\/\">nel 2016 venne denunciato il degrado<\/a>\u00a0e promesso dal sindaco &#8216;un intervento di pulizia generale&#8217; mai avvenuto\u201d.<\/p>\n<p>\u201cDa allora la situazione \u00e8 peggiorata notevolmente, per cui denuncio quindi le seguenti problematiche: sterpaglie che in alcuni periodi diventano pericolose perch\u00e9 secche con conseguente pericolo di incendio, pericolo che non pu\u00f2 essere trascurato in quanto l&#8217;area interessata \u00e8 a confine con unit\u00e0 abitative; sporcizia, causata da immondizia e cartacce trasportate dal vento ed ovviamente dopo almeno 5 anni di noncuranza ivi accumulatesi; nella zona ci sono\u00a0nidi di vespe e topi che si annidano tra gli arbusti incolti e che ovviamente rendono l&#8217;ambiente insalubre e generano problemi di igiene per la zona; la &#8220;casa romana&#8221; \u00e8 in uno stato di totale abbandono con conseguente degrado del patrimonio storico e culturale. Il bel mosaico bianco giace sotto un telo sporco che si allaga durante le piogge, dopo aver resistito millenni saranno bastati pochi anni per perderlo definitivamente\u201d.<\/p>\n<div class=\"single-img-content-container fullwidth-single shortcode standard\">\n    <div class=\"image_container\" style=\"text-align: center;\">\n        <picture class=\" lazyload\"><img loading=\"lazy\" class=\"lazy\" data-srcset=\"https:\/\/www.ivg.it\/photogallery_new\/images\/2020\/09\/generica-646462.jpg 1024w, https:\/\/www.ivg.it\/photogallery_new\/images\/2020\/09\/generica-646462.jpg 970w, https:\/\/www.ivg.it\/photogallery_new\/images\/2020\/09\/generica-646462.jpg 660w, https:\/\/www.ivg.it\/photogallery_new\/images\/2020\/09\/generica-646462.jpg 316w, https:\/\/www.ivg.it\/photogallery_new\/images\/2020\/09\/generica-646462.jpg 150w\"  data-src=\"https:\/\/www.ivg.it\/photogallery_new\/images\/2020\/09\/generica-646462.jpg\" alt=\"Casa Romana Legino\" \/><\/picture>\r\n\n    <\/div>\n    <\/div>\n\n<p>\u201cCome da convenzione stipulata dal Comune di Savona, il supercondominio formato da tutte le abitazioni nel quartiere paga (e non poco) per conto del Comune la gestione della manutenzione ordinaria e straordinaria dei giardini, dei parchi giochi, dei percorsi intorno ad essi e della pista da skate, che sono nel quartiere di Legino. E&#8217; stato ben precisato che non compete ai singoli cittadini la gestione ordinaria e straordinaria della casa Romana, per cui non solo non si pu\u00f2 assolutamente intervenire ma \u00e8 espressamente vietato farlo.\u201d<\/p>\n<p>\u201cPer i motivi sopra menzionati, e unendomi alle svariate richieste gi\u00e0 effettuate da parte di amministratori condominiali, altri cittadini paganti tasse, altri abitanti della zona, sono a chiedere urgentemente un intervento per il ripristino di igiene, sicurezza e decoro della zona\u201d.<\/p>\n","protected":false},"excerpt":{"rendered":"<p>&#8220;Serve un intervento per il ripristino di igiene, sicurezza e decoro della zona&#8221;<\/p>\n","protected":false},"author":12120,"featured_media":0,"comment_status":"open","ping_status":"closed","sticky":false,"template":"","format":"standard","meta":{"footnotes":""},"categories":[45296,56],"tags":[75385],"class_list":["post-507829","post","type-post","status-publish","format-standard","hentry","category-copertina","category-altre","tag-villa-romana","post_cat_citta-savona"],"amp_validity":null,"amp_enabled":true,"_links":{"self":[{"href":"https:\/\/staging.ivg.it\/ediapi\/wp\/v2\/posts\/507829","targetHints":{"allow":["GET"]}}],"collection":[{"href":"https:\/\/staging.ivg.it\/ediapi\/wp\/v2\/posts"}],"about":[{"href":"https:\/\/staging.ivg.it\/ediapi\/wp\/v2\/types\/post"}],"author":[{"embeddable":true,"href":"https:\/\/staging.ivg.it\/ediapi\/wp\/v2\/users\/12120"}],"replies":[{"embeddable":true,"href":"https:\/\/staging.ivg.it\/ediapi\/wp\/v2\/comments?post=507829"}],"version-history":[{"count":0,"href":"https:\/\/staging.ivg.it\/ediapi\/wp\/v2\/posts\/507829\/revisions"}],"wp:attachment":[{"href":"https:\/\/staging.ivg.it\/ediapi\/wp\/v2\/media?parent=507829"}],"wp:term":[{"taxonomy":"category","embeddable":true,"href":"https:\/\/staging.ivg.it\/ediapi\/wp\/v2\/categories?post=507829"},{"taxonomy":"post_tag","embeddable":true,"href":"https:\/\/staging.ivg.it\/ediapi\/wp\/v2\/tags?post=507829"}],"curies":[{"name":"wp","href":"https:\/\/api.w.org\/{rel}","templated":true}]}}