{"id":507713,"date":"2020-09-18T16:06:56","date_gmt":"2020-09-18T14:06:56","guid":{"rendered":"http:\/\/www.ivg.it\/?p=507713"},"modified":"2020-09-18T17:47:23","modified_gmt":"2020-09-18T15:47:23","slug":"loano-ottiene-per-la-terza-volta-il-riconoscimento-di-comune-ciclabile-di-fiab","status":"publish","type":"post","link":"https:\/\/staging.ivg.it\/2020\/09\/loano-ottiene-per-la-terza-volta-il-riconoscimento-di-comune-ciclabile-di-fiab\/","title":{"rendered":"Loano ottiene per la terza volta il riconoscimento di \u201cComune Ciclabile\u201d di Fiab"},"content":{"rendered":"<p><strong>Loano.<\/strong> Si \u00e8 tenuta questo pomeriggio, in piazza Italia, a Loano la cerimonia di consegna della bandiera che la Fiab (Federazione Italiana Ambiente e Bicicletta) assegnata ogni anno ai \u201cComuni Ciclabili\u201d. Nel 2020 Loano ha ottenuto tale riconoscimento per il terzo anno consecutivo per aver messo in pratica politiche per l&#8217;incentivazione della mobilit\u00e0 in bicicletta, perch\u00e9 \u201cuna citt\u00e0 a misura di bicicletta \u00e8 prima di tutto una citt\u00e0 per le persone\u201d.<\/p>\n<p>A ritirare il premio dalle mani di Giorgio Ceccarelli, coordinatore di Fiab per il nordovest e per la Liguria, c&#8217;erano l&#8217;assessore alla polizia locale Enrica Rocca, il consigliere comunale e provinciale Luana Isella ed il comandante della polizia locale Gianluigi Soro.<span class=\"Apple-converted-space\">\u00a0<\/span><\/p>\n<p>La consegna si \u00e8 tenuta in concomitanza con il passaggio sul territorio loanese della Bicistaffetta organizzata dal Coordinamento delle Associazioni Liguri di Fiap per celebrare la Settimana Europea della Mobilit\u00e0. Nei giorni 17, 18 e 19 settembre un gruppo in bici \u00e8 partito dall&#8217;estremo ponente ligure per raggiungere il Golfo del Tigullio: ad ogni tappa sono state consegnate le bandiere e gli attestati ai Comuni che gi\u00e0 hanno ottenuto il riconoscimento di \u201cComune Ciclabile\u201d.<span class=\"Apple-converted-space\">\u00a0<\/span><\/p>\n<div class=\"single-img-content-container fullwidth-single shortcode standard\">\n    <div class=\"image_container\" style=\"text-align: center;\">\n        <picture class=\" lazyload\"><img loading=\"lazy\" class=\"lazy\" data-srcset=\"https:\/\/www.ivg.it\/photogallery_new\/images\/2020\/09\/loano-comune-ciclabile-fiab-646122.jpg 1024w, https:\/\/www.ivg.it\/photogallery_new\/images\/2020\/09\/loano-comune-ciclabile-fiab-646122.jpg 970w, https:\/\/www.ivg.it\/photogallery_new\/images\/2020\/09\/loano-comune-ciclabile-fiab-646122.jpg 660w, https:\/\/www.ivg.it\/photogallery_new\/images\/2020\/09\/loano-comune-ciclabile-fiab-646122.jpg 316w, https:\/\/www.ivg.it\/photogallery_new\/images\/2020\/09\/loano-comune-ciclabile-fiab-646122.jpg 150w\"  data-src=\"https:\/\/www.ivg.it\/photogallery_new\/images\/2020\/09\/loano-comune-ciclabile-fiab-646122.jpg\" alt=\"Loano Comune Ciclabile Fiab \" \/><\/picture>\r\n\n    <\/div>\n    <\/div>\n\n<p>Nato nel 2017, il progetto \u201cComuni Ciclabili\u201d Fiab valuta il grado di ciclabilit\u00e0 dei comuni, vale a dire quell&#8217;insieme di infrastrutture e azioni che li rendono adatti ad essere vissuti e visitati in bicicletta, un strumento utile ai cittadini e ai turisti. Questi ultimi hanno sempre pi\u00f9 necessit\u00e0 di uno strumento autorevole che permetta di confrontare, con criteri omogenei, quanto una localit\u00e0 sia realmente a misura di bicicletta. Obiettivo principale dell&#8217;iniziativa \u201cComuni Ciclabili\u201d, dunque, \u00e8 quello di sostenere e accompagnare le amministrazioni locali nelle loro politiche bike-friendly e nell&#8217;impegno per lo sviluppo di una mobilit\u00e0 sostenibile. Ad oggi sono ben 136 le citt\u00e0 italiane sulle quali sventola la bandiera gialla di \u201cComune Ciclabile\u201d: una realt\u00e0 che, nell&#8217;insieme, rappresenta 9,3 milioni di persone, ovvero pi\u00f9 del 15 per cento della popolazione italiana.<span class=\"Apple-converted-space\">\u00a0<\/span><\/p>\n<p>L&#8217;edizione 2021 si annuncia ricca di novit\u00e0, a partire dal patrocinio del ministero delle infrastrutture e dei Trasporti, che va ad aggiungersi alle altre autorevoli collaborazioni e partenariati gi\u00e0 in essere, tra cui quelli con l&#8217;Istituto Nazionale di Urbanistica e con il Centro di Ricerca per il Trasporto e la Logistica dell&#8217;Universit\u00e0 La Sapienza di Roma.<span class=\"Apple-converted-space\">\u00a0<\/span><\/p>\n<p>\u201cOggi pi\u00f9 che mai i cittadini chiedono spazio, infrastrutture e servizi per muoversi in bici in totale sicurezza. E la nuova edizione di &#8216;Comuni Ciclabili&#8217; tiene conto del particolare periodo storico in cui siamo coinvolti che, come \u00e8 noto, ha visto in tutto il mondo un vero boom della bicicletta negli spostamenti urbani \u2013 dichiara Alessandro Tursi, presidente Fiab e ideatore di &#8216;Comuni Ciclabili&#8217; \u2013 Molte citt\u00e0 in Italia hanno avviato nuove iniziative e progetti a sostegno della mobilit\u00e0 sulle due ruote proprio in seguito all&#8217;emergenza sanitaria e alla conseguente necessit\u00e0 di distanziamento e salute. Le nuove opportunit\u00e0 in materia previste del Decreto Rilancio, che ha introdotto le corsie ciclabili e le cosiddette \u2018case avanzate&#8217; ai semafori, stanno certamente contribuendo al cambiamento in corso\u201d.<span class=\"Apple-converted-space\">\u00a0<\/span><\/p>\n<p>In questo nuovo scenario, Fiab ha aggiornato i parametri di valutazione di \u201cComuni Ciclabili\u201d. Tra i criteri in esame (criteri oggettivi e misurabili raggruppati in quattro differenti aree e cio\u00e8 cicloturismo, mobilit\u00e0 urbana, governance e comunicazione e promozione) si trovano ora anche le corsie ciclabili e le case avanzate ai semafori introdotte da Decreto Rilancio. Inoltre, sul fronte strategico della mobilit\u00e0 casa-lavoro, le valutazioni terranno ora in considerazione, per ciascun comune, le aziende sia private sia pubbliche che aderiscono a Ciab (il Club Imprese Amiche della Bicicletta) e, di conseguenza, quanti sono i relativi dipendenti coperti dall&#8217;assicurazione che Ciab offre loro per gli spostamenti effettuati in bicicletta.<span class=\"Apple-converted-space\">\u00a0<\/span><\/p>\n<p>L&#8217;adesione a \u201cComuni Ciclabili\u201d rappresenta, in questo senso, un valido strumento che accompagna nel tempo gli amministratori in un percorso virtuoso di continuo miglioramento, arricchito dal confronto con le esperienze degli altri territori e dalle numerose iniziative di formazione e approfondimento riservate ai comuni aderenti (Scuola dei Comuni Ciclabili).<span class=\"Apple-converted-space\">\u00a0<\/span><\/p>\n<p>La valutazione del grado ciclabilit\u00e0 della citt\u00e0 e del suo territorio avviene attraverso criteri oggettivi e misurabili sulla base di specifici parametri in quattro aree: infrastrutture urbane, cicloturismo, governance e comunicazione &amp; promozione. L&#8217;attestazione di \u201cComune Ciclabile\u201d rilasciata da Fiab \u00e8 affiancata da un punteggio (da un minimo di 1 ad un massimo di 5) espresso in \u201cbike-smile\u201d sulla bandiera gialla che \u00e8 ormai simbolo di \u201cComuni Ciclabili\u201d.<span class=\"Apple-converted-space\">\u00a0<\/span><\/p>\n<p>Loano ha ottenuto due bike-smile. Tra i dati pi\u00f9 rilevanti si segnala un -14,10 per cento del livello di motorizzazione rispetto alla media nazionale; bene anche la moderazione del traffico grazie alla \u201cZona 30\u201d prevista dal Piano Urbano del Traffico (valutato con un \u201cdue ruote su cinque\u201d) e l&#8217;attivit\u00e0 di comunicazione, con tre eventi in pi\u00f9 rispetto allo scorso anno e valutata con un \u201ctre ruote su cinque\u201d. Il Comune di Loano si \u00e8 attivato per la realizzazione della rete ciclabile di emergenza grazie ai nuovi strumenti del Decreto Rilancio: un chilometro di rete realizzato verr\u00e0 conteggiato nella prossima edizione ed andr\u00e0 ad aumentare la valutazione nell&#8217;ambito \u201cinfrastrutture urbane\u201d.<span class=\"Apple-converted-space\">\u00a0<\/span><\/p>\n<p>Il nuovo Put a cui l&#8217;assessorato ed il comando di polizia locale stanno lavorando ha tra i propri punti fermi proprio la promozione della mobilit\u00e0 sostenibile ed in particolare quella legata alle due ruote. Gi\u00e0 in occasione della stesura della prima versione del Put, risalente al 2010, era stato evidenziata la necessit\u00e0 di avere una citt\u00e0 pi\u00f9 \u201cvivibile\u201d per le biciclette. E negli ultimi anni l&#8217;utilizzo della bicicletta da parte dei cittadini \u00e8 notevolmente aumentato, cos\u00ec come la richiesta di infrastrutture dedicate. Per cercare di andare incontro a queste richieste, il Comune ed il comando della polizia locale hanno introdotto, ad esempio, le ben note \u201cbande di suggerimento\u201d per ciclisti.<span class=\"Apple-converted-space\">\u00a0<\/span><\/p>\n<p>Sul sito www.comuniciclabili.it \u00e8 possibile consultare le pagelle relative alle valutazioni di tutti i 136 comuni presenti oggi in rete con i punteggi ricevuti nei diversi ambiti di valutazione previsti dal progetto.<span class=\"Apple-converted-space\">\u00a0<\/span><\/p>\n","protected":false},"excerpt":{"rendered":"<p>Loano. Si \u00e8 tenuta questo pomeriggio, in piazza Italia, a Loano la cerimonia di consegna della bandiera che la Fiab (Federazione Italiana Ambiente e Bicicletta) assegnata ogni anno ai \u201cComuni Ciclabili\u201d. Nel 2020 Loano ha ottenuto tale riconoscimento per il terzo anno consecutivo per aver messo in pratica politiche per l&#8217;incentivazione della mobilit\u00e0 in bicicletta, [&hellip;]<\/p>\n","protected":false},"author":18599,"featured_media":0,"comment_status":"open","ping_status":"closed","sticky":false,"template":"","format":"standard","meta":{"footnotes":""},"categories":[45296,42377,134,32],"tags":[86171,84322,107554],"class_list":["post-507713","post","type-post","status-publish","format-standard","hentry","category-copertina","category-altri-sport","category-rank","category-sport","tag-comune-di-loano","tag-fiab","tag-polizia-locale-loano","post_cat_citta-loano","post_tag_personaggi-alessandro-tursi","post_tag_personaggi-enrica-rocca","post_tag_personaggi-gianluigi-soro","post_tag_personaggi-luana-isella"],"amp_validity":null,"amp_enabled":true,"_links":{"self":[{"href":"https:\/\/staging.ivg.it\/ediapi\/wp\/v2\/posts\/507713","targetHints":{"allow":["GET"]}}],"collection":[{"href":"https:\/\/staging.ivg.it\/ediapi\/wp\/v2\/posts"}],"about":[{"href":"https:\/\/staging.ivg.it\/ediapi\/wp\/v2\/types\/post"}],"author":[{"embeddable":true,"href":"https:\/\/staging.ivg.it\/ediapi\/wp\/v2\/users\/18599"}],"replies":[{"embeddable":true,"href":"https:\/\/staging.ivg.it\/ediapi\/wp\/v2\/comments?post=507713"}],"version-history":[{"count":0,"href":"https:\/\/staging.ivg.it\/ediapi\/wp\/v2\/posts\/507713\/revisions"}],"wp:attachment":[{"href":"https:\/\/staging.ivg.it\/ediapi\/wp\/v2\/media?parent=507713"}],"wp:term":[{"taxonomy":"category","embeddable":true,"href":"https:\/\/staging.ivg.it\/ediapi\/wp\/v2\/categories?post=507713"},{"taxonomy":"post_tag","embeddable":true,"href":"https:\/\/staging.ivg.it\/ediapi\/wp\/v2\/tags?post=507713"}],"curies":[{"name":"wp","href":"https:\/\/api.w.org\/{rel}","templated":true}]}}