{"id":507545,"date":"2020-09-16T16:27:40","date_gmt":"2020-09-16T14:27:40","guid":{"rendered":"http:\/\/www.ivg.it\/?p=507545"},"modified":"2020-09-16T16:40:05","modified_gmt":"2020-09-16T14:40:05","slug":"regionali-2020-arboscello-per-aiutare-il-commercio-defiscalizzazione-contributi-sugli-affitti-e-incentivi-per-le-aperture","status":"publish","type":"post","link":"https:\/\/staging.ivg.it\/2020\/09\/regionali-2020-arboscello-per-aiutare-il-commercio-defiscalizzazione-contributi-sugli-affitti-e-incentivi-per-le-aperture\/","title":{"rendered":"Regionali 2020, Arboscello: &#8220;Per aiutare il commercio defiscalizzazione, contributi sugli affitti e incentivi per le aperture&#8221;"},"content":{"rendered":"<p><strong>Liguria<\/strong>. \u201cPer quanto riguarda l&#8217;impegno a sostegno del mondo del commercio, la Regione \u00e8 stata totalmente assente finora. Gli operatori lamentano una mancanza di dialogo e di confronto\u201d. Per questo Roberto Arboscello, candidato alle regionali con il Pd, promette il suo massimo impegno per \u201cdare una svolta\u201d alla situazione.<\/p>\n<p>\u201cGli esercizi commerciali sono il fulcro delle nostre cittadine, sia che si parli di piccoli comuni come Bergeggi, che amministro da sindaco, sia che si parli di grandi comunit\u00e0 e grandi citt\u00e0 \u2013 afferma \u2013 Quando parliamo di esercizi commerciali non parliamo solo di presidi economici ed occupazionali ma anche di presidi sociali di fondamentale importanza\u201d.<\/p>\n<p>E poi ci si \u00e8 messa anche la pandemia, che ha peggiorato un trend che era gi\u00e0 in atto da tempo: \u201clo dice il sindaco di un piccolo comune in grande difficolt\u00e0 su questo tema. Il mio impegno sar\u00e0 quello di incentivare un contributo d&#8217;affitto per le attivit\u00e0 che sono in difficolt\u00e0 e trovare risorse per favorire le nuove aperture\u201d.<\/p>\n<p>Ma bisogna rimettere in moto il circuito: \u201cCredo che la Regione debba adoperarsi con gli Enti Locali per farsi promotrice, verso il governo centrale, di una defiscalizzazione di queste attivit\u00e0\u201d.<\/p>\n","protected":false},"excerpt":{"rendered":"<p>&#8220;Finora la Regione \u00e8 stata totalmente assente. Gli operatori lamentano una mancanza di dialogo e di confronto&#8221;<\/p>\n","protected":false},"author":12120,"featured_media":0,"comment_status":"open","ping_status":"closed","sticky":false,"template":"","format":"standard","meta":{"footnotes":""},"categories":[31],"tags":[1072,51385,108737],"class_list":["post-507545","post","type-post","status-publish","format-standard","hentry","category-politica","tag-commercio","tag-pd-liguria","tag-regionali-2020","post_tag_personaggi-roberto-arboscello-2"],"amp_validity":null,"amp_enabled":true,"_links":{"self":[{"href":"https:\/\/staging.ivg.it\/ediapi\/wp\/v2\/posts\/507545","targetHints":{"allow":["GET"]}}],"collection":[{"href":"https:\/\/staging.ivg.it\/ediapi\/wp\/v2\/posts"}],"about":[{"href":"https:\/\/staging.ivg.it\/ediapi\/wp\/v2\/types\/post"}],"author":[{"embeddable":true,"href":"https:\/\/staging.ivg.it\/ediapi\/wp\/v2\/users\/12120"}],"replies":[{"embeddable":true,"href":"https:\/\/staging.ivg.it\/ediapi\/wp\/v2\/comments?post=507545"}],"version-history":[{"count":0,"href":"https:\/\/staging.ivg.it\/ediapi\/wp\/v2\/posts\/507545\/revisions"}],"wp:attachment":[{"href":"https:\/\/staging.ivg.it\/ediapi\/wp\/v2\/media?parent=507545"}],"wp:term":[{"taxonomy":"category","embeddable":true,"href":"https:\/\/staging.ivg.it\/ediapi\/wp\/v2\/categories?post=507545"},{"taxonomy":"post_tag","embeddable":true,"href":"https:\/\/staging.ivg.it\/ediapi\/wp\/v2\/tags?post=507545"}],"curies":[{"name":"wp","href":"https:\/\/api.w.org\/{rel}","templated":true}]}}