{"id":507485,"date":"2020-09-15T20:31:01","date_gmt":"2020-09-15T18:31:01","guid":{"rendered":"http:\/\/www.ivg.it\/?p=507485"},"modified":"2020-09-15T23:13:18","modified_gmt":"2020-09-15T21:13:18","slug":"coppa-italia-lalassio-si-ritira-dalla-competizione-taggia-sconfitto-a-tavolino","status":"publish","type":"post","link":"https:\/\/staging.ivg.it\/2020\/09\/coppa-italia-lalassio-si-ritira-dalla-competizione-taggia-sconfitto-a-tavolino\/","title":{"rendered":"Coppa Italia: l&#8217;Alassio si ritira dalla competizione, Taggia sconfitto a tavolino"},"content":{"rendered":"<p><strong>Savona.<\/strong> <strong>L&#8217;Alassio FC si \u00e8 ritirato dalla Coppa Italia di Eccellenza.<\/strong> La societ\u00e0 ha comunicati al Comitato regionale la decisione di non partecipare alla competizione. La societ\u00e0 dovr\u00e0 pagare un&#8217;ammenda di 600 euro.<\/p>\n<p>Nella Coppa Italia di Eccellenza non ci sono squalificati dopo la prima giornata.<\/p>\n<p>Ancora un brutta notizia per il <strong>Taggia. In Coppa Italia di Promozione il risultato della partita vinta dai giallorossi sulla Golfo Dianese \u00e8 stato tramutato in 0-3 a tavolino<\/strong>. L&#8217;errore fatale \u00e8 stato aver schierato Luca Baracco, il quale doveva ancora scontare una giornata di squalifica. Il Taggia \u00e8 stato multato di 100 euro; il dirigente Davide Baracco \u00e8 stato inibito fino al 24 settembre.<\/p>\n<p>Per quanto concerne le squalifiche, Alessandro Ambrosini (Golfo Dianese) \u00e8 stato fermato per due gare. Andrea Guerra (Bragno) e Andrea Occhipinti (Marassi) dovranno saltare il prossimo incontro.<\/p>\n<p>In <strong>Coppa Liguria di Prima Categoria<\/strong> sono quattro i giocatori fermati dal giudice sportivo. Alessio Saracco (Pieve Ligure) dovr\u00e0 saltare due partite. Per una giornata sono stati squalificati Davide Bianchetti (San Bernardino Solferino), Antonio Bianco (Andora), Luca Breeuwer (Pontelungo) e Stefano Muscio (San Filippo Neri, <em>nella foto<\/em>).<\/p>\n","protected":false},"excerpt":{"rendered":"<p>Ecco i primi giocatori fermati, dopo aver rimediato il cartellino rosso<\/p>\n","protected":false},"author":18,"featured_media":0,"comment_status":"open","ping_status":"closed","sticky":false,"template":"","format":"standard","meta":{"footnotes":""},"categories":[45296,182,32],"tags":[85989,103447,103448,103411,12494],"class_list":["post-507485","post","type-post","status-publish","format-standard","hentry","category-copertina","category-calcio","category-sport","tag-calcio","tag-coppa-italia-di-eccellenza","tag-coppa-italia-di-promozione","tag-coppa-liguria-di-prima-categoria","tag-giudice-sportivo","post_cat_citta-alassio","post_cat_citta-albenga","post_cat_citta-andora","post_cat_citta-cairo-montenotte"],"amp_validity":null,"amp_enabled":true,"_links":{"self":[{"href":"https:\/\/staging.ivg.it\/ediapi\/wp\/v2\/posts\/507485","targetHints":{"allow":["GET"]}}],"collection":[{"href":"https:\/\/staging.ivg.it\/ediapi\/wp\/v2\/posts"}],"about":[{"href":"https:\/\/staging.ivg.it\/ediapi\/wp\/v2\/types\/post"}],"author":[{"embeddable":true,"href":"https:\/\/staging.ivg.it\/ediapi\/wp\/v2\/users\/18"}],"replies":[{"embeddable":true,"href":"https:\/\/staging.ivg.it\/ediapi\/wp\/v2\/comments?post=507485"}],"version-history":[{"count":0,"href":"https:\/\/staging.ivg.it\/ediapi\/wp\/v2\/posts\/507485\/revisions"}],"wp:attachment":[{"href":"https:\/\/staging.ivg.it\/ediapi\/wp\/v2\/media?parent=507485"}],"wp:term":[{"taxonomy":"category","embeddable":true,"href":"https:\/\/staging.ivg.it\/ediapi\/wp\/v2\/categories?post=507485"},{"taxonomy":"post_tag","embeddable":true,"href":"https:\/\/staging.ivg.it\/ediapi\/wp\/v2\/tags?post=507485"}],"curies":[{"name":"wp","href":"https:\/\/api.w.org\/{rel}","templated":true}]}}