{"id":507364,"date":"2020-09-14T18:00:22","date_gmt":"2020-09-14T16:00:22","guid":{"rendered":"http:\/\/www.ivg.it\/?p=507364"},"modified":"2020-09-14T18:13:34","modified_gmt":"2020-09-14T16:13:34","slug":"la-favola-di-matteo-bucosse-dal-tdr-passando-per-la-d-fino-alla-juve","status":"publish","type":"post","link":"https:\/\/staging.ivg.it\/2020\/09\/la-favola-di-matteo-bucosse-dal-tdr-passando-per-la-d-fino-alla-juve\/","title":{"rendered":"La favola di Matteo Bucosse: dal TDR passando per la D fino alla Juve"},"content":{"rendered":"<p>La Lnd continua, come da tradizione e &#8216;mission&#8217;, a proiettarsi nel futuro del calcio guardando in una direzione ben precisa e definita, quella dei giovani.<\/p>\n<p>Una &#8216;way of life&#8217; condivisa con le societ\u00e0 della grande famiglia Lnd che stanno lavorando sui settori giovanili con coraggio e competenza valorizzando la &#8220;cantera&#8221; di questo vasto e sconfinato serbatoio. Cos\u00ec le storie come quella di Matteo Bucosse, portiere classe 2002, non sono pi\u00f9 l&#8217;eccezione ma la regola. La carriera sportiva di Matteo nel giro di quindici mesi \u00e8 letteralmente decollata.<\/p>\n<p>Nella stagione 18\/19 il portiere del Montemilone Pollenza ha partecipato al Torneo delle Regioni organizzato nel Lazio raggiungendo la finale allievi con la Rappresentativa Marche. Nella stagione successiva si \u00e8 messo in luce con il Tolentino in Serie D collezionando 18 presenze tra campionato e coppa prima del lockdown. Lo scorso 9 settembre la Juventus ha deciso di puntare sul portiere di Macerata ingaggiandolo per la squadra Under 23.<\/p>\n<p>L&#8217;aspetto pi\u00f9 bello di questa storytelling a lieto fine \u00e8 il modo in cui \u00e8 avvenuto, come ha spiegato il Presidente del Tolentino Marco Romagnoli: &#8220;Matteo \u00e8 stato messo in condizione di esprimersi al massimo perch\u00e9 protagonista di un&#8217;idea di intendere il calcio che vede al centro il gruppo inteso come insieme di persone. Ragazzo di immensa maturit\u00e0 ed umilt\u00e0 ha accettato con entusiasmo la nostra proposta di crescita graduale senza che gli venisse promesso altro che un posto in tribuna la domenica. Il suo talento e le suo capacit\u00e0 di apprendimento hanno fatto il resto&#8221;.<\/p>\n<p>Il suo\u00a0pu\u00f2 servire da esempio per tanti altri calciatori alla ricerca di un sogno: &#8220;Fondamentale \u00e8 stato il ruolo dei suoi genitori Fabio e Sabrina che mai si sono sognati di pretendere un posto da titolare per il proprio ragazzo ma hanno sempre seguito con partecipazione le sorti del Tolentino a prescindere dal suo utilizzo. Due esempi da seguire&#8221;.<\/p>\n<p>Come vuole la prassi, ovvero sino all&#8217;ufficializzazione dell&#8217;acquisto (la formula \u00e8 quella del prestito con diritto di riscatto) del portiere da parte\u00a0della Juventus, nessun tipo di commento \u00e8 stato rilasciato da Societ\u00e0 e dirigenti.<\/p>\n<div dir=\"ltr\">\n<p>Oggi che la notizia \u00e8 realmente fondata su di atti formali, il sodalizio cremisi intende ringraziare tutti coloro che hanno contribuito a far s\u00ec che questo sogno sia diventato realt\u00e0 nonch\u00e9 ad augurare a Matteo il pi\u00f9 bel futuro calcistico ed umano.<\/p>\n<p>&#8220;\u00c8 forse il trofeo pi\u00f9 importante che il Tole ha conseguito in questi tre anni, ove pur tante cose si sono portate a casa. Dico questo perch\u00e9 Matteo \u00e8 stato messo in condizione di esprimersi al massimo in quanto protagonista di un&#8217;idea di intendere il calcio che vede al centro il gruppo inteso come insieme di persone&#8221; ha ribadito il massimo dirigente.<\/p>\n<p>Il 19 aprile del 2019 io ero presente quando\u00a0Buglia e Ciriachi regalano il tricolore alla Rappresentativa del Lazio Allievi (2-0). Al Centro Sportivo di Fiuggi, l&#8217;epilogo trionfale contro le Marche aveva consentito al mio amico mister Giuliano Giannichedda di inanellare il suo terzo titolo personale nella manifestazione, il sesto per gli Allievi del Lazio. In quella occasione gioc\u00f2 Santarelli al posto di Matteo ma le tante presenze maturate tra 2019 e 2020 erano nell&#8217;aria cos\u00ec come il grande salto in bianconero.<\/p>\n<\/div>\n","protected":false},"excerpt":{"rendered":"<p>Lo speciale del Ct Vaniglia<\/p>\n","protected":false},"author":18,"featured_media":0,"comment_status":"open","ping_status":"closed","sticky":false,"template":"","format":"standard","meta":{"footnotes":""},"categories":[182,32],"tags":[85989],"class_list":["post-507364","post","type-post","status-publish","format-standard","hentry","category-calcio","category-sport","tag-calcio"],"amp_validity":null,"amp_enabled":true,"_links":{"self":[{"href":"https:\/\/staging.ivg.it\/ediapi\/wp\/v2\/posts\/507364","targetHints":{"allow":["GET"]}}],"collection":[{"href":"https:\/\/staging.ivg.it\/ediapi\/wp\/v2\/posts"}],"about":[{"href":"https:\/\/staging.ivg.it\/ediapi\/wp\/v2\/types\/post"}],"author":[{"embeddable":true,"href":"https:\/\/staging.ivg.it\/ediapi\/wp\/v2\/users\/18"}],"replies":[{"embeddable":true,"href":"https:\/\/staging.ivg.it\/ediapi\/wp\/v2\/comments?post=507364"}],"version-history":[{"count":0,"href":"https:\/\/staging.ivg.it\/ediapi\/wp\/v2\/posts\/507364\/revisions"}],"wp:attachment":[{"href":"https:\/\/staging.ivg.it\/ediapi\/wp\/v2\/media?parent=507364"}],"wp:term":[{"taxonomy":"category","embeddable":true,"href":"https:\/\/staging.ivg.it\/ediapi\/wp\/v2\/categories?post=507364"},{"taxonomy":"post_tag","embeddable":true,"href":"https:\/\/staging.ivg.it\/ediapi\/wp\/v2\/tags?post=507364"}],"curies":[{"name":"wp","href":"https:\/\/api.w.org\/{rel}","templated":true}]}}