{"id":507012,"date":"2020-09-10T15:17:51","date_gmt":"2020-09-10T13:17:51","guid":{"rendered":"http:\/\/www.ivg.it\/?p=507012"},"modified":"2020-09-10T15:17:51","modified_gmt":"2020-09-10T13:17:51","slug":"pesca-lassessore-savonese-zunato-da-oggi-al-via-la-campagna-io-pesco-sicuro","status":"publish","type":"post","link":"https:\/\/staging.ivg.it\/2020\/09\/pesca-lassessore-savonese-zunato-da-oggi-al-via-la-campagna-io-pesco-sicuro\/","title":{"rendered":"Pesca, l&#8217;assessore savonese Zunato: &#8220;Da oggi al via la campagna io (p)esco sicuro&#8221;"},"content":{"rendered":"<p><strong>Savona.<\/strong> Parte da oggi e terminer\u00e0 alle ore 12 del 24 settembre 2020 il periodo per inoltrare le domande di sostegno della campagna formativa\/informativa \u201cIo (P)esco Sicuro\u201d, promossa da Regione Liguria e Flag liguri.<\/p>\n<p>&#8220;Obiettivo generale &#8211; spiega l&#8217;assessore allo aviluppo economico del Comune di Savona Maria Zunato &#8211; \u00e8 la promozione del capitale umano, volta ad accrescere la competitivit\u00e0 e il rendimento economico della pesca e delle attivit\u00e0 marittime, con il fine di determinare un miglioramento della capacit\u00e0 progettuale e gestionale delle imprese, incrementandone la redditivit\u00e0 e favorendone i collegamenti in rete, il dialogo sociale, lo scambio di buone pratiche, nonch\u00e8 la partecipazione delle donne ai processi decisionali. Questa iniziativa, pertanto, contribuisce ad un\u2019occupazione sostenibile e di qualit\u00e0 e supporta la mobilit\u00e0 dei lavoratori, in linea con quanto previsto dagli obiettivi della Politica di coesione a sostegno della crescita per il periodo 2014\/2020&#8221;.<\/p>\n<p>&#8220;In particolare &#8211; prosegue l&#8217;assessore Zunato &#8211; questa campagna vuole avviare i presupposti non solo per fare uscire il comparto ittico dalla crisi indotta dall&#8217;emergenza Covid-19, bens\u00ec porre solide basi per ridelineare l&#8217;intero comparto tutelandone e valorizzandone la produzione attraverso il sostegno della formazione permanente, il trasferimento delle buone pratiche ed una maggiore interazione sociale per un consumo consapevole&#8221;.<\/p>\n<p>&#8220;La pandemia ha acceso i riflettori sull&#8217;importanza di un&#8217;economia locale sana, pi\u00f9 facilmente monitorabile e quindi con maggiori garanzie per il consumatore, a questo si aggiunge che la pesca locale oggi non \u00e8 pi\u00f9 in contrasto, bens\u00ec un aiuto per la conservazione delle risorse biologiche marine e quindi per il mantenimento della biodiversit\u00e0&#8221;, conclude l&#8217;assessore Zunato.<\/p>\n","protected":false},"excerpt":{"rendered":"<p>&#8220;Questa iniziativa contribuisce ad un\u2019occupazione sostenibile e di qualit\u00e0 e supporta la mobilit\u00e0 dei lavoratori&#8221;<\/p>\n","protected":false},"author":17962,"featured_media":0,"comment_status":"open","ping_status":"closed","sticky":false,"template":"","format":"standard","meta":{"footnotes":""},"categories":[45296,31],"tags":[510],"class_list":["post-507012","post","type-post","status-publish","format-standard","hentry","category-copertina","category-politica","tag-pesca","post_cat_citta-savona","post_tag_personaggi-maria-zunato"],"amp_validity":null,"amp_enabled":true,"_links":{"self":[{"href":"https:\/\/staging.ivg.it\/ediapi\/wp\/v2\/posts\/507012","targetHints":{"allow":["GET"]}}],"collection":[{"href":"https:\/\/staging.ivg.it\/ediapi\/wp\/v2\/posts"}],"about":[{"href":"https:\/\/staging.ivg.it\/ediapi\/wp\/v2\/types\/post"}],"author":[{"embeddable":true,"href":"https:\/\/staging.ivg.it\/ediapi\/wp\/v2\/users\/17962"}],"replies":[{"embeddable":true,"href":"https:\/\/staging.ivg.it\/ediapi\/wp\/v2\/comments?post=507012"}],"version-history":[{"count":0,"href":"https:\/\/staging.ivg.it\/ediapi\/wp\/v2\/posts\/507012\/revisions"}],"wp:attachment":[{"href":"https:\/\/staging.ivg.it\/ediapi\/wp\/v2\/media?parent=507012"}],"wp:term":[{"taxonomy":"category","embeddable":true,"href":"https:\/\/staging.ivg.it\/ediapi\/wp\/v2\/categories?post=507012"},{"taxonomy":"post_tag","embeddable":true,"href":"https:\/\/staging.ivg.it\/ediapi\/wp\/v2\/tags?post=507012"}],"curies":[{"name":"wp","href":"https:\/\/api.w.org\/{rel}","templated":true}]}}