{"id":507008,"date":"2020-09-10T14:56:54","date_gmt":"2020-09-10T12:56:54","guid":{"rendered":"http:\/\/www.ivg.it\/?p=507008"},"modified":"2020-09-10T14:56:54","modified_gmt":"2020-09-10T12:56:54","slug":"la-liguria-celebra-la-tredicesima-giornata-nazionale-sulla-sla-promossa-da-aisla","status":"publish","type":"post","link":"https:\/\/staging.ivg.it\/2020\/09\/la-liguria-celebra-la-tredicesima-giornata-nazionale-sulla-sla-promossa-da-aisla\/","title":{"rendered":"La Liguria celebra la tredicesima giornata nazionale sulla Sla promossa da Aisla"},"content":{"rendered":"<p><strong>Liguria.<\/strong> Domenica 20 settembre sar\u00e0 la XIII Giornata Nazionale sulla SLA promossa dall&#8217;Associazione Italiana Sclerosi Laterale Amiotrofica: centinaia di monumenti si illumineranno di verde nella notte della vigilia, sabato 19 settembre.\u00a0Grazie a 12.000 bottiglie di Barbera d&#8217;Asti DOCG saranno raccolti fondi per l&#8217;assistenza delle persone con SLA<\/p>\n<p>Domenica 20 settembre si celebra la XIII edizione della Giornata Nazionale sulla SLA promossa da AISLA, Associazione Italiana Sclerosi Laterale Amiotrofica.\u00a0Con l&#8217;iniziativa &#8220;Un contributo versato con gusto&#8221; AISLA metter\u00e0 a disposizione 12.000 bottiglie di Barbera d&#8217;Asti DOCG per raccogliere fondi per &#8220;L&#8217;Operazione Sollievo&#8221; il progetto avviato nel 2013 che ha permesso all&#8217;associazione di destinare 650.000 euro di donazioni all&#8217;assistenza delle persone con SLA e delle loro famiglie. Le bottiglie possono essere prenotate su negoziosolidaleaisla.it il portale dell&#8217;associazione che gestir\u00e0 le spedizioni in tutta Italia, oppure contattando i volontari sul territorio: la sezione AISLA di Genova &#8211; aisla.genova@aisla.it e la sezione di Savona e Imperia info@aislasavonaimperia.it<\/p>\n<p>Quest&#8217;anno AISLA, in considerazione della particolare situazione sanitaria del Paese, ha scelto di puntare su un &#8220;grande banchetto digitale&#8221; e di ridurre la tradizionale presenza in piazza dei suoi 300 volontari che nelle precedenti edizioni della Giornata Nazionale sulla SLA erano impegnati con gazebo e banchetti nella distribuzione delle bottiglie nelle strade.<br \/>\nTuttavia, per dare un segno di speranza e voglia di ripartire, la presenza dei volontari di AISLA nelle piazze sar\u00e0 comunque confermata in alcune grandi citt\u00e0 italiane come Torino, Roma, Trieste, Bergamo, Brescia, Asti, Novara, Cuneo, Piacenza, Modena, Reggio Emilia e Arezzo.\u00a0Il programma degli eventi, in continuo aggiornamento, \u00e8 disponibile sul sito dell&#8217;Associazione: aisla.it\/giornata-nazionale-sla-2020\/<\/p>\n<p>Nella notte tra sabato 19 settembre e domenica 20 settembre, una luce verde illuminer\u00e0 centinaia di monumenti in tutta Italia, tra cui la Mole Antonelliana a Torino, la Piramide Cestia a Roma, la Fontana Maggiore a Perugia, grazie alla riconfermata collaborazione con l&#8217;Associazione Nazionale dei Comuni Italiani (ANCI). Il verde, oltre a essere il colore di AISLA, \u00e8 un richiamo alla speranza e, mai come quest&#8217;anno, sar\u00e0 tanto prezioso e significativo illuminare con questo colore l&#8217;intero Paese. La Giornata Nazionale sulla SLA \u00e8 sostenuta da Consorzio Barbera d&#8217;Asti e Vini del Monferrato, Fondazione Cassa di Risparmio di Asti, Unione Industriale della Provincia di Asti e condivisa da Regione Piemonte e DMO Piemonte Marketing.<\/p>\n<p>L&#8217;iniziativa, che ha ottenuto l&#8217;Alto Patronato del Presidente della Repubblica, nasce per ricordare il primo sit-in dei malati SLA in Piazza Bocca della Verit\u00e0 a Roma, avvenuto il 18 settembre 2006. Da allora, ogni anno, tra la met\u00e0 di settembre e la prima settimana di ottobre, AISLA promuove diverse iniziative in tutta Italia, al fine di rinnovare l&#8217;attenzione dell&#8217;opinione pubblica, delle autorit\u00e0 politiche, sanitarie e socio-assistenziali sui bisogni di cura e di assistenza dei malati SLA.<\/p>\n<p>Un aspetto innovativo di quest&#8217;anno \u00e8 la collaborazione con l&#8217;Istituto Italiano della Donazione &#8211; IID, al fianco di AISLA per raccogliere fondi a favore di &#8220;Quattro ruote e una carrozza&#8221;. Il progetto \u00e8 risultato vincitore al bando #DONAFUTURO 2020, campagna nazionale istituita dall&#8217;IID che, ogni anno, sostiene le diverse attivit\u00e0 legate al\u00a0Giorno del Dono (4 ottobre) e che, per il 2020 si concentrer\u00e0 proprio sul diritto alla mobilit\u00e0 delle persone con SLA. A questo obiettivo \u00e8 dedicato il numero solidale 45595 che sar\u00e0 attivo dal 13 settembre al 4 ottobre.<\/p>\n<p>Inoltre, per il terzo anno,\u00a0Fondazione Mediolanum Onlus\u00a0sar\u00e0 al fianco di AISLA\u00a0per sostenere\u00a0&#8220;Baobab&#8221;, il progetto dell&#8217;associazione avviato nel 2018 e dedicato ai figli piccoli e adolescenti di persone con SLA, finalizzato a indagare l&#8217;impatto psicologico della malattia sui minori e ad aiutarli con percorsi di psicoterapia.<\/p>\n<p>Tutti gli aggiornamenti sulla Giornata Nazionale SLA sono disponibili su www.aisla.it e sulla pagina Facebook di AISLA.<\/p>\n<p>Il 18 settembre alle 18.00 la Cooperativa Meridiana, in collaborazione con AISLA e il Centro Clinico NeMO, organizza l&#8217;evento online &#8220;FLASH ImMOB&#8221; con toccanti testimonianze scritte da persone con la SLA, visibile sul profilo Facebook di AISLA https:\/\/it-it.facebook.com\/AISLA\/<\/p>\n","protected":false},"excerpt":{"rendered":"<p>Appuntamento per domenica 20 settembre<\/p>\n","protected":false},"author":17962,"featured_media":0,"comment_status":"open","ping_status":"closed","sticky":false,"template":"","format":"standard","meta":{"footnotes":""},"categories":[56],"tags":[1046],"class_list":["post-507008","post","type-post","status-publish","format-standard","hentry","category-altre","tag-sla"],"amp_validity":null,"amp_enabled":true,"_links":{"self":[{"href":"https:\/\/staging.ivg.it\/ediapi\/wp\/v2\/posts\/507008","targetHints":{"allow":["GET"]}}],"collection":[{"href":"https:\/\/staging.ivg.it\/ediapi\/wp\/v2\/posts"}],"about":[{"href":"https:\/\/staging.ivg.it\/ediapi\/wp\/v2\/types\/post"}],"author":[{"embeddable":true,"href":"https:\/\/staging.ivg.it\/ediapi\/wp\/v2\/users\/17962"}],"replies":[{"embeddable":true,"href":"https:\/\/staging.ivg.it\/ediapi\/wp\/v2\/comments?post=507008"}],"version-history":[{"count":0,"href":"https:\/\/staging.ivg.it\/ediapi\/wp\/v2\/posts\/507008\/revisions"}],"wp:attachment":[{"href":"https:\/\/staging.ivg.it\/ediapi\/wp\/v2\/media?parent=507008"}],"wp:term":[{"taxonomy":"category","embeddable":true,"href":"https:\/\/staging.ivg.it\/ediapi\/wp\/v2\/categories?post=507008"},{"taxonomy":"post_tag","embeddable":true,"href":"https:\/\/staging.ivg.it\/ediapi\/wp\/v2\/tags?post=507008"}],"curies":[{"name":"wp","href":"https:\/\/api.w.org\/{rel}","templated":true}]}}