{"id":506822,"date":"2020-09-08T17:59:35","date_gmt":"2020-09-08T15:59:35","guid":{"rendered":"http:\/\/www.ivg.it\/?p=506822"},"modified":"2020-09-08T17:37:03","modified_gmt":"2020-09-08T15:37:03","slug":"criticita-nel-servizio-misto-pubblico-privato-di-elisoccorso-la-denuncia-dellunione-sindacale-di-base","status":"publish","type":"post","link":"https:\/\/staging.ivg.it\/2020\/09\/criticita-nel-servizio-misto-pubblico-privato-di-elisoccorso-la-denuncia-dellunione-sindacale-di-base\/","title":{"rendered":"&#8220;Criticit\u00e0&#8221; nel servizio misto pubblico\/privato di elisoccorso. La denuncia dell\u2019Unione Sindacale di Base"},"content":{"rendered":"<p><strong>Liguria.<\/strong> Ieri l\u2019Usb (Unione Sindacale di Base) dei Vigili del fuoco, con le parole del coordinatore nazionale Stefano Giordano, ha fatto il punto sulla vicenda elisoccorso (leggi <a href=\"https:\/\/www.ivg.it\/2020\/09\/elisoccorso-lusb-dei-vigili-del-fuoco-con-leliambulanza-i-costi-dei-privati-saranno-sempre-piu-alti\/\">qui<\/a>), portando alla ribalta argomenti sia conosciuti sia nuovi, che sarebbe errato far scivolare nel dimenticatoio senza essere registrati come si conviene.<\/p>\n<p>1) Il doppio binario pubblico-privato presenta criticit\u00e0, pratiche e di principio. Il raggio di intervento dei due servizi, secondo un criterio geografico logico, \u00e8 stato diviso assegnando ai pompieri, di stanza a Genova, le province appunto di Genova e di La Spezia, e ai privati di Airgreen, che fanno base a Villanova d\u2019Albenga, quelle di Savona e di Imperia. \u201cMa il servizio di eliambulanza, cio\u00e8 il trasferimento di un paziente da un ospedale all\u2019altro, quello tecnicamente pi\u00f9 facile &#8211; spiega Giordano &#8211; pu\u00f2 essere effettuato solo da Airgreen. I privati alla fine pi\u00f9 voleranno e pi\u00f9 guadagneranno\u201d.<\/p>\n<p>2) Ci sono alcuni interventi primari che possono essere effettuati solo dai pompieri, come quelli in mare che richiedono l\u2019impiego dei sommozzatori o per un ferito incastrato nelle lamiere di un\u2019auto. \u00a0Per quanto riguarda il soccorso in mare non si pu\u00f2 certo contare sempre sull\u2019elicottero della Guardia Costiera, di stanza a Luni e quindi lontano da gran parte della zona da coprire.<\/p>\n<p>3) Secondo l\u2019Usb il rapporto dei costi \u00e8 di uno a tre a favore dei Vigili del fuoco. Il conto totale che la Regione &#8211; cio\u00e8 noi cittadini &#8211; dovr\u00e0 pagare al termine del percorso di affidamento ad Airgreen, a dicembre 2021, \u201cquando i pompieri potrebbero scomparire &#8211; aggiunge Giordano &#8211; potrebbe risultare anche quintuplicato\u201d. Per questo l\u2019Usb ha presentato un esposto alla Corte dei Conti, oltre a chiedere per l\u2019argomento elisoccorso in generale un incontro al prefetto di Genova.<\/p>\n<p>4) A noi risulta sempre degno di un chiarimento il motivo per cui \u00a0la gara d\u2019appalto sia stata affidata dalla Liguria alla Regione Lombardia.<\/p>\n<p>5) Il nostro elisoccorso, diventato eroico per tanti salvataggi, fu inventato dal maggiore Rinaldo Enrico, perfezionato e modernizzato dal suo successore Sergio D\u2019Agostino e dal capo degli specialisti Pietro Corrado. Negli ultimi tempi il Dipartimento Nazionale dei Vigili del fuoco ha di fatto depotenziato, soprattutto per quanto riguarda i piloti, il Nucleo di Genova, senza che nessuno, a cominciare dalla Regione Liguria, abbia mosso un dito per evitarlo.<\/p>\n<p>6) Il Ministero dell\u2019Interno ha da poco assegnato a Genova l\u2019AW 139, uno degli elicotteri pi\u00f9 moderni in circolazione, anche e soprattutto per quanto concerne la dotazione sanitaria. Una contraddizione in termini.<\/p>\n<p>Quando ci sono di mezzo la salute dei cittadini e i loro soldi (tanti soldi) \u00e8 sempre meglio tenere alta la guardia.<\/p>\n","protected":false},"excerpt":{"rendered":"<p>Ai Vigili del Fuoco non \u00e8 consentito effettuare il servizio di eliambulanza Esposto alla Corte dei conti<\/p>\n","protected":false},"author":17962,"featured_media":0,"comment_status":"open","ping_status":"closed","sticky":false,"template":"","format":"standard","meta":{"footnotes":""},"categories":[56],"tags":[374,113983],"class_list":["post-506822","post","type-post","status-publish","format-standard","hentry","category-altre","tag-elisoccorso","tag-oggi-ore-18"],"amp_validity":null,"amp_enabled":true,"_links":{"self":[{"href":"https:\/\/staging.ivg.it\/ediapi\/wp\/v2\/posts\/506822","targetHints":{"allow":["GET"]}}],"collection":[{"href":"https:\/\/staging.ivg.it\/ediapi\/wp\/v2\/posts"}],"about":[{"href":"https:\/\/staging.ivg.it\/ediapi\/wp\/v2\/types\/post"}],"author":[{"embeddable":true,"href":"https:\/\/staging.ivg.it\/ediapi\/wp\/v2\/users\/17962"}],"replies":[{"embeddable":true,"href":"https:\/\/staging.ivg.it\/ediapi\/wp\/v2\/comments?post=506822"}],"version-history":[{"count":0,"href":"https:\/\/staging.ivg.it\/ediapi\/wp\/v2\/posts\/506822\/revisions"}],"wp:attachment":[{"href":"https:\/\/staging.ivg.it\/ediapi\/wp\/v2\/media?parent=506822"}],"wp:term":[{"taxonomy":"category","embeddable":true,"href":"https:\/\/staging.ivg.it\/ediapi\/wp\/v2\/categories?post=506822"},{"taxonomy":"post_tag","embeddable":true,"href":"https:\/\/staging.ivg.it\/ediapi\/wp\/v2\/tags?post=506822"}],"curies":[{"name":"wp","href":"https:\/\/api.w.org\/{rel}","templated":true}]}}