{"id":506760,"date":"2020-09-08T19:13:10","date_gmt":"2020-09-08T17:13:10","guid":{"rendered":"http:\/\/www.ivg.it\/?p=506760"},"modified":"2020-09-08T19:39:19","modified_gmt":"2020-09-08T17:39:19","slug":"la-giornata-elettorale-m5s-e-salvatore-sullelisoccorso-per-chiappori-toti-allo-sbando-sanna-a-cairo","status":"publish","type":"post","link":"https:\/\/staging.ivg.it\/2020\/09\/la-giornata-elettorale-m5s-e-salvatore-sullelisoccorso-per-chiappori-toti-allo-sbando-sanna-a-cairo\/","title":{"rendered":"La giornata elettorale: M5S e Salvatore sull&#8217;elisoccorso, per Chiappori &#8220;Toti allo sbando&#8221;, Sanna a Cairo"},"content":{"rendered":"<p><strong>Savona<\/strong>. Di seguito i\u00a0<strong>comunicati stampa di oggi, marted\u00ec 8 settembre 2020, relativi alle prossime elezioni regionali in Liguria<\/strong>.<\/p>\n<h3 class=\"article_heading\">ELISOCCORSO, MOVIMENTO 5 STELLE: &#8220;BASTA PRIVATIZZARE. L&#8217;ELISOCCORSO DEVE RIMANERE PUBBLICO&#8221;<\/h3>\n<p>&#8220;Non ci stancheremo mai di ripeterlo: basta privatizzazioni. La Sanit\u00e0 ligure si sta avviando sulla pericolosa strada della Lombardia, con il pubblico che lentamente ma inesorabilmente si trova costretta a cedere il passo all&#8217;ingordigia del privato e di chi lo sostiene. Una visione miope che ha gi\u00e0 presentato un conto salato: la privatizzazione del Servizio Pubblico ha infatti divorato settori strategici che non possono e non devono creare profitto a spese della comunit\u00e0. Ed \u00e8 esattamente quello che sta succedendo con l&#8217;elisoccorso, servizio storicamente svolto in Liguria dai Vigili del Fuoco, in grado di garantire interventi efficienti e altamente professionali in sinergia con il personale sanitario. Servizio che da sempre fa gola ai privati e che la Giunta a trazione leghista \u00e8 infine riuscita a servire su un piatto d&#8217;argento all&#8217;ennesima compagine privata&#8221;, dichiarano i pentastellati liguri a margine della conferenza stampa che si \u00e8 tenuta questa mattina a Genova, al CAP di via Albertazzi di fronte alla Caserma dei VVF.<\/p>\n<p>&#8220;Oggi \u2013 commentano i consiglieri comunali e regionali M5S &#8211; ci ritroviamo un servizio VVF garantito a giorni alterni, mentre il soccorso deve essere garantito 365 giorni all&#8217;anno. I privati si sono oramai insediati anche nella nostra regione e una delle sette sorelle che gestiscono l&#8217;elisoccorso a livello nazionale sar\u00e0 l&#8217;attore principale del servizio a pagamento. L&#8217;USB ha fatto una scelta di responsabilit\u00e0 denunciando alla Procura di Genova e alla Corte dei Conti un percorso che presenta molti dubbi e molti punti negativi di ricaduta sui costi benefici&#8221;.<\/p>\n<p>La conferenza \u00e8 stato un momento di confronto con la cittadinanza per permettere la comprensione del perch\u00e9 la fine del &#8220;Drago rosso&#8221; \u00e8 oramai scritta e quali sono le vere motivazioni politiche che hanno segnato la fine della storia di chi \u00e8 stato il promotore dell&#8217;elisoccorso nel nostro paese.<\/p>\n<h3 class=\"article_heading\"><b>GIACOMO CHIAPPORI (GRANDE LIGURIA): &#8220;TOTI ALLO SBANDO&#8221;<\/b><\/h3>\n<p>Lo Stato e la Regione non sono attrezzati per garantire l&#8217;apertura delle scuole in sicurezza.<span class=\"Apple-converted-space\">\u00a0<\/span><\/p>\n<p>Sentite cosa ha testualmente dichiarato il Presidente (ancora per poco) della Regione Liguria su un tema che vede al centro la salute dei nostro ragazzi: &#8220;Al momento non abbiamo deciso niente \u2013 risponde Toti alla domanda specifica -. Se la domanda \u00e8 cosa decideremmo oggi, si va avanti come programma, se la domanda \u00e8 dopodomani, risponder\u00f2 dopodomani&#8221;.<\/p>\n<p>Il modello Toti \u00e8 vivere alla giornata, senza programmare nulla: andiamo alla giornata, chi vivr\u00e0 vedr\u00e0, speriamo in Dio, qualche santo provveder\u00e0.<span class=\"Apple-converted-space\">\u00a0<\/span>Un Presidente senza idee \u00e8 totalmente inadatto e va rimosso.<\/p>\n<h3 class=\"article_heading\"><b>DANILO BRUNO (EUROPA VERDE LIGURIA): &#8220;LE LISTE LAUDATO SII?'&#8221;<\/b><\/h3>\n<p>In questi giorni il Presidente pro tempore della Regione Liguria: Giovanni Toti ha deciso che alla domenica si pu\u00f2 andare a messa liberamente mantenendo il distanziamento di un metro e con la mascherina.<\/p>\n<p>Sostanzialmente non ha cambiato nulla ma cosa non si fa per l&#8217;ennesima notizia pubblicata sui giornali in una campagna elettorale dove la destra \u00e8 ovunque e invade ogni minimo spazio di propaganda,finendo pure censurata dal garante come \u00e8 capitato al Comune di Savona con la ennesima presentazione del progetto di privatizzazione con fondi pubblici di villa Zanelli?<\/p>\n<p>Nel contempo vorremmo altres\u00ec segnalare che non basta adottare la mozione del Friday for future in consiglio regionale con i consueti squilli di tromba e apparire una volta dal balcone di piazza Defferrari mentre ragazzi e ragazze manifestavano in piazza per la lotta al cambiamento climatico se non si fanno seguire politiche coerenti e basate sul principio di legalit\u00e0.<\/p>\n<p>Qui sta proprio la differenza con la lista di Europa verde, Demos e Centro democratico,che nasce sicuramente dai principi ispiratori della Laudato S\u00ec e dalla necessit\u00e0 di provvedere alla cura della casa comune, richiamando tutte le persone alla propria responsabilit\u00e0 individuale e collettiva.<\/p>\n<p>Noi infatti crediamo che ormai alla base della politica vi debba essere la cura della casa comune ,che noi riceviamo in eredit\u00e0 dai nostri figli e dalle nostre figlie e che ci richiama all&#8217;assunzione delle nostre responsabilit\u00e0,che secondo il pensiero di Mazzini e Langer non sono delegabili ad alcuna persona ma anzi proprio da quel dovere nasce il diritto di ognuna e ognuno di ricevere ci\u00f2 che la legge stabilisce che ci spetti.<\/p>\n<p>Qui vogliamo richiamare il principio di legalit\u00e0 poiche&#8217; noi non crediamo ad alcun &#8220;metodo Genova&#8221;.\u00a0Infatti sosteniamo che\u00a0 \u00e8 ora di smetterla con le continue deroghe al codice degli appalti e alle direttive comunitarie.<\/p>\n<p>In Italia esistono sacche di illegalit\u00e0 estremamente pesanti con situazioni di infiltrazioni di criminalit\u00e0 organizzata: come si fa a continuare a sostenere il principio delle deroghe quando una eventuale modifica delle norme, se necessario in alcuni limitati casi, e soprattutto una applicazione coerente permetterebbe di giungere in tempi rapidi alla conclusione dei lavori,chiamaando le imprese anche alle loro responsabilit\u00e0 e a provvedere ad idonee garanzie cauzionali?<\/p>\n<p>Perche&#8217; non si riflette una volta sul ruolo dell&#8217;Italia e della Liguria nel Mediterraneo,magari leggendo l&#8217;esortazione apostolica Querida Amazonia, dove si chiarisce che non esiste lotta al cambiamento climatico senza una adeguata giustizia sociale e che profughe e profughi non vengono in vacanza in Europa ma fuggono spesso dalla guerra,dalla fame indotta dalla gravit\u00e0 della situazione climatica e da gravi ingerenze occidentali.<\/p>\n<p>Il titolo vuole richiamare il senso della nostra alleanza per chiarire che non bastano due spot televisivi o l&#8217;ennesima ordinanza totiana per cambiare scenari,che investono la coscienza di ognuna e ognuno di noi se vogliamo ancora essere una comunit\u00e0 coesa e ospitale.<\/p>\n<h3 class=\"article_heading\">QUELLI DELLA REBAGLIATI-IL ROSSO NON \u00e8 IL NERO: DIBATTITO PUBBLICO SUL REFERENDUM<\/h3>\n<p>Sabato 12 settembre, alle 16,30, presso l&#8217;SMS Fornaci (Serenella), si svolger\u00e0 il dibattito pubblico\u00a0&#8220;Referendum: un NO con ragione e sentimento&#8221; promosso da &#8220;Quelli della Rebagliati &#8211; Il rosso non \u00e8 il nero&#8221;.<\/p>\n<p>Iniziativa per proporre il &#8220;NO&#8221; nel referendum del 20 &#8211; 21 settembre in difesa della Costituzione e contro il taglio della democrazia.<\/p>\n<p>&#8220;Il rosso non \u00e8 il nero&#8221;: Dilvo Vannoni, Franca Ferrando, Bruno Marengo, Sergio Acquilino, Sergio Tortarolo, Maria Teresa Carbone, Maria Rita Zanella, Dario Zucchelli, Antonio Vallarino, Franco Astengo.<\/p>\n<h3 class=\"article_heading\">GIANNI PASTORINO (LINEA CONDIVISA): &#8220;SERVIZI SOCIALI, LIGURIA INADEMPIENTE SUL NUOVO PIANO&#8221;<\/h3>\n<p>Da oggi in Liguria dovrebbe essere attivo un piano straordinario per i servizi sociali, a partire dall&#8217;introduzione dei LivEAS \u2013 livelli essenziali di assistenza. Ma pare che, per adesso, la regione non abbia fatto quanto previsto dalla legge. Infatti, con l&#8217;approvazione dell&#8217;emendamento 89.1 al Decreto Rilancio, risalente allo scorso 3 luglio, le regioni avevano 60 giorni di tempo per approntare un piano per garantire l&#8217;accesso e la continuit\u00e0 dei servizi socio-assistenziali anche in caso di emergenza.<\/p>\n<p>&#8220;Stiamo parlando di un diritto riconosciuto dalla Costituzione. Ci saremmo aspettati uno strumento programmatico ed economico. Sembra per\u00f2 che i vertici della Regione stiano ignorando sia la richiesta del Governo sia, soprattutto, le necessit\u00e0 delle persone fragili, lasciate sole durante il lockdown e che non rientrano nei programmi della giunta Toti. Siamo al nulla di fatto \u2013\u00a0denuncia il capogruppo di Linea Condivisa Gianni Pastorino, vicepresidente della commissione sanit\u00e0. &#8211;\u00a0Non solo: la norma che nel 2000 istituiva i LivEAS mirava a garantire un livello di uguale godimento dei diritti sociali in tutto il territorio nazionale, demandando alle Regioni la definizione delle modalit\u00e0 di organizzazione dei servizi e la possibilit\u00e0 di prevedere livelli ulteriori di assistenza. Quindi la Regione avrebbe anche questo compito, oltre a quello di dover approntare il piano per emergenza. Eppure anche in questo caso registriamo inadempienze. In sintesi: mentre molte regioni italiane lavorano da tempo per potenziare la rete dei servizi sociali, la Liguria si muove al contrario: il centrodestra utilizza qualsiasi pretesto per abbassare i contributi per i servizi residenziali o semiresidenziali, abbandonando a loro stessi gli enti locali che si trovano a gestire una domanda sociale sempre pi\u00f9 pressante&#8221;.<\/p>\n<p>&#8220;Risultato: come in sanit\u00e0, molti servizi sociali non sono pi\u00f9 garantiti per mancanza di fondi. Ma anche per l&#8217;assenza di un Piano Regionale capace di assicurare i LivEAS. Questi livelli essenziali garantirebbero un sistema di prestazioni e servizi sociali idonei a garantire un diritto costituzionalmente riconosciuto ai pi\u00f9 deboli e ai disabili \u2013\u00a0sottolinea Pastorino. &#8211;\u00a0Durante il lockdown troppe persone sono state lasciate indietro, in un silenzio che lascia sgomenti: gli ultimi dovrebbero essere essere il primo pensiero di chi governa nelle emergenze. E invece molti servizi assistenziali sono stati sospesi: centri per disabili o per malati cronici, centri d&#8217;ascolto o antiviolenza, comunit\u00e0 educative. Famiglie intere messe in ginocchio perch\u00e9 private di servizi essenziali, oltrech\u00e9 garantiti dalla legge Turco&#8221;.<\/p>\n<h3 class=\"article_heading\">GIANNI PASTORINO (LINEA CONDIVISA): &#8220;ENTROTERRA, TRASPORTI ANCORA IN TILT&#8221;<\/h3>\n<p>Entroterra, con la ripresa di settembre altre giornate di passione per i trasporti. &#8220;Frutto della politica di Toti e Berrino, che da un lato annunciano &#8220;pi\u00f9 carrozze&#8221; ma dall&#8217;altro commissionano un monitoraggio sul rispetto del contratto di servizio da parte di Trenitalia. Per\u00f2, invece di guardare a parametri come la puntualit\u00e0 o la pulizia dei treni, si concentrano su quanti passeggeri salgano e scendano nelle stazioni, soprattutto quelle minori\u00a0\u2013 denuncia il capogruppo di Linea Condivisa Gianni Pastorino. &#8211;\u00a0Probabilmente l&#8217;obiettivo \u00e8 giustificare un ulteriore taglio alle fermate, appigliandosi al fatto che si tratta di stazioni poco frequentate. Il fatto \u00e8 che quelle stazioni sono poco frequentate perch\u00e9 il servizio \u00e8 gi\u00e0 al lumicino, quindi i potenziali passeggeri sono costretti a utilizzare altri mezzi, per la maggior parte privati&#8221;.<\/p>\n<p>&#8220;Due considerazioni, molto semplici: primo, si chiede sempre di usare meno le auto, ma poi non ci sono treni; secondo, per Toti &#8216;unire costa ed entroterra&#8217; resta soltanto uno slogan, smentito sistematicamente dai fatti \u2013\u00a0commenta Pastorino. &#8211;\u00a0La realt\u00e0 \u00e8 che alla fine di agosto non sono stati reintrodotti il 100% dei treni operativi nel periodo pre-covid, i tempi di percorrenza si allungano, i costi per le casse pubbliche e per l&#8217;utenza sono ingiustificati dalla qualit\u00e0 del servizio&#8221;.<\/p>\n<p>&#8220;Tutto questo ha conseguenze pratiche e oggettive, soprattutto per gli studenti, per i lavoratori e per le persone che abbisognano di cure presso gli ospedali cittadini. Pensiamo ad esempio a lavoratori come gli infermieri, impegnati in servizi di pubblica utilit\u00e0 e sottoposti a turni: 8 ore di lavoro e magari 5 di viaggio, fra andata e ritorno. Inaccettabile \u2013sottolinea Pastorino -.\u00a0Fra i pi\u00f9 penalizzati, gli abitanti della Valle Stura: dopo un&#8217;estate praticamente senza treni, adesso scoprono che dall&#8217;11 settembre mancheranno all&#8217;appello 4 treni giornalieri, rispetto a un&#8217;offerta gi\u00e0 scarna e a un orario purtroppo cadenzato solo sulla carta. Risultato: un&#8217;altra decurtazione pesantissima che si tradurr\u00e0 in ulteriore traffico autostradale e stradale. Magari con un casello fuori uso, come in questi giorni a Masone, o la ex SS456 chiusa per allerta meteo&#8221;.<\/p>\n<h3 class=\"article_heading\">RODOLFO SANNA (M5S) INCONTRA I CITTADINI DELLA VAL BORMIDA: APPUNTAMENTO A CAIRO MONTENOTTE<\/h3>\n<p>Questa sera, marted\u00ec 8 settembre, a partire dalle 20.30, il candidato del Movimento 5 Stelle per le prossime Regionali 2020 Rodolfo Sanna sar\u00e0 a Cairo Montenotte, nei pressi dell&#8217;enoteca &#8220;A Cantinetta&#8221; in piazza della Vittoria, per &#8220;ascoltare chiunque abbia voglia di far due chiacchiere con me per conoscermi e, perch\u00e9 no, parlarmi delle proprie istanze e delle proprie aspettative per il futuro della Val Bormida e della Liguria&#8221;.<\/p>\n<h3 class=\"article_heading\">ALICE SALVATORE (ILBUONSENSO): &#8220;L&#8217;ELISOCCORSO RIMANGA PUBBLICO. BENE L&#8217;ESPOSTO DEI VIGILI DEL FUOCO&#8221;<\/h3>\n<p>ilBuonsenso ha presenziato alla conferenza stampa organizzata dai Vigili del Fuoco in merito all\u2019esposto da loro presentato contro la privatizzazione del servizio di elisoccorso.<\/p>\n<p>Appoggiamo pienamente la loro iniziativa, che riteniamo sacrosanta. Deve esserci una risposta il pi\u00f9 celere possibile. Noi sappiamo che l\u2019elisoccorso pubblico costa alla Regione Liguria circa 2 milioni di euro. Con una privatizzazione si pu\u00f2 arrivare a costare fino a cinque volte tanto. Una cosa indegna e inaccettabile.<\/p>\n<p>Questo esposto ha grande valore perch\u00e9 pu\u00f2 mettere la parola fine a un processo gravissimo e inspiegabile.<\/p>\n<p>Oltretutto c\u2019\u00e8 da dire che con l\u2019atto di privatizzazione viene inficiata la professionalit\u00e0 dei Vigili del Fuoco, perch\u00e9 con il servizio pubblico vi \u00e8 una possibilit\u00e0 di interfaccia tra il vigile del fuoco dell\u2019elisoccorso che opera in cielo e quello di terra che opera sul territorio cos\u00ec come successo in passato con il crollo del Ponte Morandi.<\/p>\n<p>E questo noi non lo possiamo dimenticare.<\/p>\n<p>Cos\u00ec come \u00e8 previsto dall\u2019elisoccorso pubblico una sinergia di tante professionalit\u00e0, sia sanitarie che di soccorso.<\/p>\n<p>Questo \u00e8 un patrimonio pubblico che non possiamo n\u00e9 perdere n\u00e9 disperdere. \u00c8 un servizio primario e come tutti i servizi primari deve rimanere interamente pubblici.<\/p>\n<p>ilBuonsenso conferma la sua massima adesione a questa battaglia. \u00c8 un momento nel quale dobbiamo essere tutti uniti e dispiace notare il menefreghismo di altre forze politiche, specialmente quelle di maggioranza.<\/p>\n<p>L\u2019elisoccorso deve rimanere pubblico. Con ilBuonsenso al governo della regione rimarrebbe tutto pubblico.<\/p>\n<h3 class=\"article_heading\">ILARIA PIETROPAOLO, CANDIDATA CONSIGLIO REGIONALE LIGURIA PD-ART.1<\/h3>\n<p>Dopo una giornata passata insieme all&#8217;onorevole Fiano sui luoghi dove nacque e riposa Sandro Pertini scrivo queste parole che fatico a trovare.<span class=\"Apple-converted-space\">\u00a0 <\/span>Mi chiedo che senso abbia impegnarsi a livello sociale e politico quando qualcuno continua a chiamarli ragazzi. Quando vari esponenti i partiti di destra non hanno speso neanche una parola in merito. Cominciamo a smettere di dire che sono ragazzi. Non sono ragazzi. Sono uomini, cresciuti con il culto della forza e della violenza. Chi \u00e8 ritenuto diverso, per colore della pelle, per orientamento sessuale o politico deve essere annientato. E&#8217; l\u00ec che stiamo perdendo, non dicendo chiaro che sono i figli di una cultura gi\u00e0 sconfitta ma pericolosamente ancora circolante.<\/p>\n<p>La politica dell&#8217;odio verso i diversi, la garanzia di impunit\u00e0,<span class=\"Apple-converted-space\">\u00a0 <\/span>l&#8217;assenza delle famiglie, la scuola ridotta ad un serbatoio vuoto di cultura, la barbarie mediatica , ognuno di noi ha responsabilit\u00e0 in questo periodo storico.<\/p>\n<p>Ciao Willy<\/p>\n<p>L&#8217;Italia bella non ti dimenticher\u00e0<\/p>\n<p>Ilaria Pietropaolo<\/p>\n","protected":false},"excerpt":{"rendered":"<p>Ecco gli interventi di oggi in vista del voto<\/p>\n","protected":false},"author":18599,"featured_media":0,"comment_status":"open","ping_status":"closed","sticky":false,"template":"","format":"standard","meta":{"footnotes":""},"categories":[45296,31],"tags":[112094,114945,113569,106918,29875,112405,108737],"class_list":["post-506760","post","type-post","status-publish","format-standard","hentry","category-copertina","category-politica","tag-europa-verde-liguria","tag-grande-liguria","tag-ilbuonsenso","tag-linea-condivisa","tag-movimento-5-stelle","tag-quelli-della-rebagliati","tag-regionali-2020","post_tag_personaggi-alice-salvatore","post_tag_personaggi-danilo-bruno","post_tag_personaggi-giacomo-chiappori","post_tag_personaggi-gianni-pastorino","post_tag_personaggi-rodolfo-sanna"],"amp_validity":null,"amp_enabled":true,"_links":{"self":[{"href":"https:\/\/staging.ivg.it\/ediapi\/wp\/v2\/posts\/506760","targetHints":{"allow":["GET"]}}],"collection":[{"href":"https:\/\/staging.ivg.it\/ediapi\/wp\/v2\/posts"}],"about":[{"href":"https:\/\/staging.ivg.it\/ediapi\/wp\/v2\/types\/post"}],"author":[{"embeddable":true,"href":"https:\/\/staging.ivg.it\/ediapi\/wp\/v2\/users\/18599"}],"replies":[{"embeddable":true,"href":"https:\/\/staging.ivg.it\/ediapi\/wp\/v2\/comments?post=506760"}],"version-history":[{"count":0,"href":"https:\/\/staging.ivg.it\/ediapi\/wp\/v2\/posts\/506760\/revisions"}],"wp:attachment":[{"href":"https:\/\/staging.ivg.it\/ediapi\/wp\/v2\/media?parent=506760"}],"wp:term":[{"taxonomy":"category","embeddable":true,"href":"https:\/\/staging.ivg.it\/ediapi\/wp\/v2\/categories?post=506760"},{"taxonomy":"post_tag","embeddable":true,"href":"https:\/\/staging.ivg.it\/ediapi\/wp\/v2\/tags?post=506760"}],"curies":[{"name":"wp","href":"https:\/\/api.w.org\/{rel}","templated":true}]}}