{"id":506595,"date":"2020-09-05T17:36:42","date_gmt":"2020-09-05T15:36:42","guid":{"rendered":"http:\/\/www.ivg.it\/?p=506595"},"modified":"2020-09-05T17:36:42","modified_gmt":"2020-09-05T15:36:42","slug":"pietra-ligure-ampliato-il-sistema-di-videosorveglianza-nuova-telecamera-in-piazza-vecchia","status":"publish","type":"post","link":"https:\/\/staging.ivg.it\/2020\/09\/pietra-ligure-ampliato-il-sistema-di-videosorveglianza-nuova-telecamera-in-piazza-vecchia\/","title":{"rendered":"Pietra Ligure, ampliato il sistema di videosorveglianza: nuova telecamera in &#8220;Piazza vecchia&#8221;"},"content":{"rendered":"<p><strong>Pietra Ligure.<\/strong> Con l\u2019entrata in funzione, nell\u2019ultima settimana di agosto, della telecamera installata in piazza \u201cLa Pietra\u201d, \u201cPiazza vecchia\u201d per i pietresi, \u00e8 stato integrato e ampliato il sistema di videosorveglianza operativo sul territorio di Pietra Ligure.       <\/p>\n<p>La telecamera, come tutte le altre installate sul territorio comunale, \u00e8 collegata con la centrale operativa della polizia municipale: permetter\u00e0  un controllo in tempo reale e interventi immediati in caso di problemi, e funzioner\u00e0 sia come valido deterrente che come indispensabile strumento per individuare eventuali responsabili di infrazioni.<\/p>\n<p>\u201cSiamo soddisfatti di essere riusciti ad ampliare il sistema di videosorveglianza dislocato sul territorio pietrese \u2013 commenta il sindaco di Pietra Ligure Luigi De Vincenzi &#8211; Con l\u2019attivazione di quest\u2019ultima telecamera, finanziata con fondi propri comunali, colmiamo una lacuna e perfezioniamo la nostra rete di sorveglianza che, d\u2019ora in poi, garantir\u00e0 il puntuale controllo di tutte le aree e costituir\u00e0 un efficace presidio di sicurezza urbana\u201d.<\/p>\n","protected":false},"excerpt":{"rendered":"<p>Il sindaco De Vincenzi: &#8220;Colmiamo una lacuna e perfezioniamo una rete che garantir\u00e0 il controllo di tutte le aree&#8221;<\/p>\n","protected":false},"author":10593,"featured_media":0,"comment_status":"open","ping_status":"closed","sticky":false,"template":"","format":"standard","meta":{"footnotes":""},"categories":[56],"tags":[3770],"class_list":["post-506595","post","type-post","status-publish","format-standard","hentry","category-altre","tag-videosorveglianza","post_cat_citta-pietra-ligure","post_tag_personaggi-luigi-de-vincenzi"],"amp_validity":null,"amp_enabled":true,"_links":{"self":[{"href":"https:\/\/staging.ivg.it\/ediapi\/wp\/v2\/posts\/506595","targetHints":{"allow":["GET"]}}],"collection":[{"href":"https:\/\/staging.ivg.it\/ediapi\/wp\/v2\/posts"}],"about":[{"href":"https:\/\/staging.ivg.it\/ediapi\/wp\/v2\/types\/post"}],"author":[{"embeddable":true,"href":"https:\/\/staging.ivg.it\/ediapi\/wp\/v2\/users\/10593"}],"replies":[{"embeddable":true,"href":"https:\/\/staging.ivg.it\/ediapi\/wp\/v2\/comments?post=506595"}],"version-history":[{"count":0,"href":"https:\/\/staging.ivg.it\/ediapi\/wp\/v2\/posts\/506595\/revisions"}],"wp:attachment":[{"href":"https:\/\/staging.ivg.it\/ediapi\/wp\/v2\/media?parent=506595"}],"wp:term":[{"taxonomy":"category","embeddable":true,"href":"https:\/\/staging.ivg.it\/ediapi\/wp\/v2\/categories?post=506595"},{"taxonomy":"post_tag","embeddable":true,"href":"https:\/\/staging.ivg.it\/ediapi\/wp\/v2\/tags?post=506595"}],"curies":[{"name":"wp","href":"https:\/\/api.w.org\/{rel}","templated":true}]}}