{"id":506591,"date":"2020-09-05T17:04:01","date_gmt":"2020-09-05T15:04:01","guid":{"rendered":"http:\/\/www.ivg.it\/?p=506591"},"modified":"2020-09-05T19:57:40","modified_gmt":"2020-09-05T17:57:40","slug":"albenga-il-sindaco-rassicura-kronoteatro-subito-spazi-idonei-in-futuro-il-cinema-astor","status":"publish","type":"post","link":"https:\/\/staging.ivg.it\/2020\/09\/albenga-il-sindaco-rassicura-kronoteatro-subito-spazi-idonei-in-futuro-il-cinema-astor\/","title":{"rendered":"Albenga, il sindaco rassicura Kronoteatro: &#8220;Subito spazi idonei, in futuro il cinema Astor&#8221;"},"content":{"rendered":"<p><strong>Albenga.<\/strong> &#8220;Purtroppo, per le vicende legate al Coronavirus, il salone fino ad oggi utilizzato dall&#8217;Associazione Kronoteatro dovr\u00e0 tornare al Liceo che ne ricaver\u00e0 un&#8217;aula necessaria al fine di permettere ai ragazzi di seguire le lezioni in sede e nel rispetto delle norme Anticovid. Kronoteatro \u00e8 una realt\u00e0 importantissima per noi e di assoluta eccellenza: per questo abbiamo gi\u00e0 pensato a soluzioni alternative&#8221;. Con queste parole il sindaco di Albenga, Riccardo Tomatis, commenta il duro sfogo con cui Kronoteatro ha annunciato la chiusura dello Spazio Bruno. Attribuendo s\u00ec la responsabilit\u00e0 &#8220;specifica&#8221; al Covid, ma alludendo anche a un atteggiamento sempre pi\u00f9 ostile da parte del Liceo sin dal 2016 (<a href=\"https:\/\/www.ivg.it\/2020\/09\/albenga-chiude-lo-spazio-bruno-kronoteatro-futuro-a-rischio-liceo-ostile-dal-2016\/\">leggi qui<\/a>).<\/p>\n<p>Un attacco anche alle istituzioni (&#8220;Se ci fosse stata maggiore tutela&#8230;&#8221;), con un accenno &#8220;alla piccolezza di certe figure, attente solo a garantire, mantenere ed esercitare un proprio micro-potere&#8221;. Parole che nella Citt\u00e0 delle Torri hanno fatto rumore. Da qui l&#8217;intervento del primo cittadino a placare, almeno parzialmente, le polemiche.<\/p>\n<p>&#8220;Nell&#8217;immediato &#8211; garantisce &#8211; troveremo spazi idonei in grado di andare incontro alle esigenze di Kronoteatro in attesa di una soluzione pi\u00f9 stabile. Stiamo portando avanti il progetto di ristrutturazione del cinema Astor e ricaveremo degli spazi che potranno essere utilizzati da realt\u00e0 come quella di Kronoteatro, ma non solo. Il tutto nel rispetto delle procedure di assegnazione di spazi pubblici&#8221;.<\/p>\n<p>&#8220;Ad ogni modo non \u00e8 la sola soluzione che abbiamo in progetto &#8211; specifica &#8211; e valuteremo passo passo in collaborazione con i ragazzi dell&#8217;associazione la soluzione migliore. Di certo c&#8217;\u00e8 il fatto che non abbiamo neppure mai preso in considerazione la possibilit\u00e0 che una realt\u00e0 tanto importante e legata al nostro territorio possa allontanarsi da questo&#8221;.<\/p>\n","protected":false},"excerpt":{"rendered":"<p>Tomatis spegne le polemiche: &#8220;Non abbiamo mai preso neppure in considerazione la possibilit\u00e0 che una realt\u00e0 tanto importante se ne vada da qui&#8221;<\/p>\n","protected":false},"author":10593,"featured_media":0,"comment_status":"open","ping_status":"closed","sticky":false,"template":"","format":"standard","meta":{"footnotes":""},"categories":[45296,56],"tags":[6889,98215],"class_list":["post-506591","post","type-post","status-publish","format-standard","hentry","category-copertina","category-altre","tag-kronoteatro-albenga","tag-spazio-bruno","post_cat_citta-albenga"],"amp_validity":null,"amp_enabled":true,"_links":{"self":[{"href":"https:\/\/staging.ivg.it\/ediapi\/wp\/v2\/posts\/506591","targetHints":{"allow":["GET"]}}],"collection":[{"href":"https:\/\/staging.ivg.it\/ediapi\/wp\/v2\/posts"}],"about":[{"href":"https:\/\/staging.ivg.it\/ediapi\/wp\/v2\/types\/post"}],"author":[{"embeddable":true,"href":"https:\/\/staging.ivg.it\/ediapi\/wp\/v2\/users\/10593"}],"replies":[{"embeddable":true,"href":"https:\/\/staging.ivg.it\/ediapi\/wp\/v2\/comments?post=506591"}],"version-history":[{"count":0,"href":"https:\/\/staging.ivg.it\/ediapi\/wp\/v2\/posts\/506591\/revisions"}],"wp:attachment":[{"href":"https:\/\/staging.ivg.it\/ediapi\/wp\/v2\/media?parent=506591"}],"wp:term":[{"taxonomy":"category","embeddable":true,"href":"https:\/\/staging.ivg.it\/ediapi\/wp\/v2\/categories?post=506591"},{"taxonomy":"post_tag","embeddable":true,"href":"https:\/\/staging.ivg.it\/ediapi\/wp\/v2\/tags?post=506591"}],"curies":[{"name":"wp","href":"https:\/\/api.w.org\/{rel}","templated":true}]}}