{"id":506577,"date":"2020-09-05T14:03:16","date_gmt":"2020-09-05T12:03:16","guid":{"rendered":"http:\/\/www.ivg.it\/?p=506577"},"modified":"2020-09-05T14:03:16","modified_gmt":"2020-09-05T12:03:16","slug":"brunello-brunetto-lega-istituire-in-regione-assessorato-alla-disabilita","status":"publish","type":"post","link":"https:\/\/staging.ivg.it\/2020\/09\/brunello-brunetto-lega-istituire-in-regione-assessorato-alla-disabilita\/","title":{"rendered":"Brunello Brunetto (Lega): &#8220;Istituire in Regione assessorato alla disabilit\u00e0&#8221;"},"content":{"rendered":"<p><strong>Loano.<\/strong> Ieri pomeriggio Brunello Brunetto, candidato alle elezioni regionali della Liguria per la Lega, ha incontrato a Loano l&#8217;ex Ministro per la Famiglia e la disabilit\u00e0 Alessandra Locatelli, l&#8217;onorevole Sara Foscolo, il vicesindaco Luca Lettieri ed i rappresentanti di diverse associazioni di volontariato del territorio.<\/p>\n<p>&#8220;Insieme abbiamo visitato Villa Amico, l&#8217;edificio situato in viale Silvio Amico a Loano in cui le associazioni Dopodomani Onlus e Adso Savona Onlus stanno realizzando una struttura in grado di dare un futuro ai nostri ragazzi affetti da disabilit\u00e0. L&#8217;ex Ministro Alessandra Locatelli \u00e8 laureata in sociologia ed \u00e8 un&#8217;educatrice specializzata nella cura delle persone affette da disabilit\u00e0 psichica, quindi pi\u00f9 che un incontro politico \u00e8 stato un incontro tra tecnici. Sono molto soddisfatto del nostro scambio di idee&#8221;. <\/p>\n<p>&#8220;Il settore dei servizi socio-sanitari rivolti alle persone diversamente abili \u00e8 molto importante. I portatori di disabilit\u00e0 hanno esigenze particolari ed \u00e8 quindi occorre dedicare loro &#8216;cure&#8217; altrettanto particolari. Associazioni come Dopodomani Onlus e Adso Savona Onlus sono ogni giorno in prima linea per dare loro sostegno, ma \u00e8 necessario che le istituzioni (come le Regioni) instaurino con queste realt\u00e0 e con le famiglie un rapporto ancora pi\u00f9 diretto. Per questo motivo, se avr\u00f2 la fortuna di essere eletto in Regione, mi impegner\u00f2 affinch\u00e9 venga istituito un assessorato alla disabilit\u00e0&#8221;. <\/p>\n","protected":false},"excerpt":{"rendered":"<p>Ieri incontro a Loano con l&#8217;ex ministro Alessandra Locatelli<\/p>\n","protected":false},"author":10593,"featured_media":0,"comment_status":"open","ping_status":"closed","sticky":false,"template":"","format":"standard","meta":{"footnotes":""},"categories":[31],"tags":[108737],"class_list":["post-506577","post","type-post","status-publish","format-standard","hentry","category-politica","tag-regionali-2020","post_cat_citta-loano","post_tag_personaggi-brunello-brunetto"],"amp_validity":null,"amp_enabled":true,"_links":{"self":[{"href":"https:\/\/staging.ivg.it\/ediapi\/wp\/v2\/posts\/506577","targetHints":{"allow":["GET"]}}],"collection":[{"href":"https:\/\/staging.ivg.it\/ediapi\/wp\/v2\/posts"}],"about":[{"href":"https:\/\/staging.ivg.it\/ediapi\/wp\/v2\/types\/post"}],"author":[{"embeddable":true,"href":"https:\/\/staging.ivg.it\/ediapi\/wp\/v2\/users\/10593"}],"replies":[{"embeddable":true,"href":"https:\/\/staging.ivg.it\/ediapi\/wp\/v2\/comments?post=506577"}],"version-history":[{"count":0,"href":"https:\/\/staging.ivg.it\/ediapi\/wp\/v2\/posts\/506577\/revisions"}],"wp:attachment":[{"href":"https:\/\/staging.ivg.it\/ediapi\/wp\/v2\/media?parent=506577"}],"wp:term":[{"taxonomy":"category","embeddable":true,"href":"https:\/\/staging.ivg.it\/ediapi\/wp\/v2\/categories?post=506577"},{"taxonomy":"post_tag","embeddable":true,"href":"https:\/\/staging.ivg.it\/ediapi\/wp\/v2\/tags?post=506577"}],"curies":[{"name":"wp","href":"https:\/\/api.w.org\/{rel}","templated":true}]}}