{"id":506574,"date":"2020-09-05T12:50:24","date_gmt":"2020-09-05T10:50:24","guid":{"rendered":"http:\/\/www.ivg.it\/?p=506574"},"modified":"2020-09-05T12:50:24","modified_gmt":"2020-09-05T10:50:24","slug":"finale-a-monticello-interventi-per-nuova-rete-italgas-e-ricostruzione-muro-di-sostegno-alla-strada-comunale","status":"publish","type":"post","link":"https:\/\/staging.ivg.it\/2020\/09\/finale-a-monticello-interventi-per-nuova-rete-italgas-e-ricostruzione-muro-di-sostegno-alla-strada-comunale\/","title":{"rendered":"Finale, a Monticello interventi per nuova rete Italgas e ricostruzione muro di sostegno alla strada comunale"},"content":{"rendered":"<p><strong>Finale Ligure.<\/strong> Continuano i lavori in localit\u00e0 Monticello, dove la nuova rete Italgas sta interessando da luglio l&#8217;intera localit\u00e0. &#8220;Intervento che di certo crea disagi ai residenti della zona ma che una volta ultimato sar\u00e0 molto apprezzato e di grande utilit\u00e0 pubblica &#8211; commenta il vicesindaco Andrea Guzzi &#8211; Ormai siamo quasi prossimi alla conclusione dell&#8217;intervento&#8221;.<\/p>\n<p>A questo si aggiunge il cantiere di ricostruzione del muro di contenimento della strada, con la palificazione ormai ultimata: &#8220;Contiamo di concludere  il tutto nel giro di 30\/40 giorni &#8211; spiega Guzzi &#8211; quindi liberare la localit\u00e0 verso met\u00e0 ottobre come nelle previsioni iniziali. Ricordiamo inoltre che una volta conclusi i lavori sar\u00e0 rifatta interamente l&#8217;asfaltatura di tutta la via per tutta la sua ampiezza. Chiediamo ai nostri concittadini ancora un po&#8217; di pazienza&#8221;.<\/p>\n<p>Il crollo del muro risale a 8 mesi fa. &#8220;Subito progettato, finanziato, autorizzato ed appaltato &#8211; ricorda il vicesindaco &#8211; Oggi il cantiere in piena attivit\u00e0 sta procedendo speditamente per dare il meno fastidio possibile ai molti residenti&#8221;.<\/p>\n","protected":false},"excerpt":{"rendered":"<p>Dovrebbero concludersi verso met\u00e0 ottobre<\/p>\n","protected":false},"author":10593,"featured_media":0,"comment_status":"open","ping_status":"closed","sticky":false,"template":"","format":"standard","meta":{"footnotes":""},"categories":[56],"tags":[],"class_list":["post-506574","post","type-post","status-publish","format-standard","hentry","category-altre","post_cat_citta-finale-ligure","post_tag_personaggi-andrea-guzzi"],"amp_validity":null,"amp_enabled":true,"_links":{"self":[{"href":"https:\/\/staging.ivg.it\/ediapi\/wp\/v2\/posts\/506574","targetHints":{"allow":["GET"]}}],"collection":[{"href":"https:\/\/staging.ivg.it\/ediapi\/wp\/v2\/posts"}],"about":[{"href":"https:\/\/staging.ivg.it\/ediapi\/wp\/v2\/types\/post"}],"author":[{"embeddable":true,"href":"https:\/\/staging.ivg.it\/ediapi\/wp\/v2\/users\/10593"}],"replies":[{"embeddable":true,"href":"https:\/\/staging.ivg.it\/ediapi\/wp\/v2\/comments?post=506574"}],"version-history":[{"count":0,"href":"https:\/\/staging.ivg.it\/ediapi\/wp\/v2\/posts\/506574\/revisions"}],"wp:attachment":[{"href":"https:\/\/staging.ivg.it\/ediapi\/wp\/v2\/media?parent=506574"}],"wp:term":[{"taxonomy":"category","embeddable":true,"href":"https:\/\/staging.ivg.it\/ediapi\/wp\/v2\/categories?post=506574"},{"taxonomy":"post_tag","embeddable":true,"href":"https:\/\/staging.ivg.it\/ediapi\/wp\/v2\/tags?post=506574"}],"curies":[{"name":"wp","href":"https:\/\/api.w.org\/{rel}","templated":true}]}}