{"id":506546,"date":"2020-09-04T20:32:38","date_gmt":"2020-09-04T18:32:38","guid":{"rendered":"http:\/\/www.ivg.it\/?p=506546"},"modified":"2020-09-04T20:32:38","modified_gmt":"2020-09-04T18:32:38","slug":"cairese-il-fisioterapista-matteo-lecquio-stiamo-rispettando-la-tabella-di-marcia","status":"publish","type":"post","link":"https:\/\/staging.ivg.it\/2020\/09\/cairese-il-fisioterapista-matteo-lecquio-stiamo-rispettando-la-tabella-di-marcia\/","title":{"rendered":"Cairese, il fisioterapista Matteo Lecquio: &#8220;Stiamo rispettando la tabella di marcia&#8221;"},"content":{"rendered":"<p><strong>Cairo Montenotte. <\/strong>Dopo circa tre settimane di preparazione e a margine del terzo test amichevole, <strong>Matteo Lecquio,<\/strong> il <strong>fisioterapista della Cairese,<\/strong> fa il <strong>punto della situazione<\/strong> circa lo stato di forma della squadra.<\/p>\n<p>Nell&#8217;intervista realizzata dall\u2019addetto stampa Michael Traman, Lecquio dichiara: &#8220;<strong>Ho trovato i ragazzi in buona forma<\/strong> perch\u00e9 hanno rispettato le indicazioni del nostro preparatore Caviglia. Sono arrivati gi\u00e0 con un discreto stato di forma. Poi <strong>grazie al lavoro di riatletizzazione e successivamente la preparazione vera e propria<\/strong>, adesso si inizia gi\u00e0 a vedere qualcosina. In generale<strong> i ragazzi stanno bene<\/strong>&#8220;.<\/p>\n<p>&#8220;A livello muscolare non ci sono casi da monitorare &#8211; prosegue -. Abbiamo qualche problemino su alcuni giocatori, per\u00f2 sono tutti problemi dovuti ad impatti e contusioni. A livello muscolare, al momento, non ne abbiamo. <strong>Stiamo rispettando la tabella di marcia<\/strong>&#8220;.<\/p>\n<p>Considerato che il campionato \u00e8 diviso in due fasi, sar\u00e0 fondamentale partire bene. &#8220;Stavamo gi\u00e0 lavorando in questo senso &#8211; ammette Lecquio -. Era gi\u00e0 nell&#8217;aria, quindi a livello atletico non ci sar\u00e0 nessuna modifica. Noi facciamo la nostra strada&#8221;.<\/p>\n","protected":false},"excerpt":{"rendered":"<p>Il punto a nove giorni dal primo impegno ufficiale<\/p>\n","protected":false},"author":18,"featured_media":0,"comment_status":"open","ping_status":"closed","sticky":false,"template":"","format":"standard","meta":{"footnotes":""},"categories":[45296,182,134,32],"tags":[3414,85989,569],"class_list":["post-506546","post","type-post","status-publish","format-standard","hentry","category-copertina","category-calcio","category-rank","category-sport","tag-cairese","tag-calcio","tag-eccellenza","post_cat_citta-cairo-montenotte","post_tag_personaggi-matteo-lecquio"],"amp_validity":null,"amp_enabled":true,"_links":{"self":[{"href":"https:\/\/staging.ivg.it\/ediapi\/wp\/v2\/posts\/506546","targetHints":{"allow":["GET"]}}],"collection":[{"href":"https:\/\/staging.ivg.it\/ediapi\/wp\/v2\/posts"}],"about":[{"href":"https:\/\/staging.ivg.it\/ediapi\/wp\/v2\/types\/post"}],"author":[{"embeddable":true,"href":"https:\/\/staging.ivg.it\/ediapi\/wp\/v2\/users\/18"}],"replies":[{"embeddable":true,"href":"https:\/\/staging.ivg.it\/ediapi\/wp\/v2\/comments?post=506546"}],"version-history":[{"count":0,"href":"https:\/\/staging.ivg.it\/ediapi\/wp\/v2\/posts\/506546\/revisions"}],"wp:attachment":[{"href":"https:\/\/staging.ivg.it\/ediapi\/wp\/v2\/media?parent=506546"}],"wp:term":[{"taxonomy":"category","embeddable":true,"href":"https:\/\/staging.ivg.it\/ediapi\/wp\/v2\/categories?post=506546"},{"taxonomy":"post_tag","embeddable":true,"href":"https:\/\/staging.ivg.it\/ediapi\/wp\/v2\/tags?post=506546"}],"curies":[{"name":"wp","href":"https:\/\/api.w.org\/{rel}","templated":true}]}}