{"id":505469,"date":"2020-08-22T18:57:04","date_gmt":"2020-08-22T16:57:04","guid":{"rendered":"http:\/\/www.ivg.it\/?p=505469"},"modified":"2020-08-22T18:57:04","modified_gmt":"2020-08-22T16:57:04","slug":"scomparsa-del-parroco-di-cengio-sospesa-la-festa-del-moco-in-segno-di-lutto","status":"publish","type":"post","link":"https:\/\/staging.ivg.it\/2020\/08\/scomparsa-del-parroco-di-cengio-sospesa-la-festa-del-moco-in-segno-di-lutto\/","title":{"rendered":"Scomparsa del parroco di Cengio, sospesa la \u201cFesta del Moco\u201d in segno di lutto"},"content":{"rendered":"<p><strong>Cengio.\u00a0<\/strong>La &#8220;Festa del Moco&#8221; delle valli della Bormida, in programma oggi (sabato 22) e domani (domenica 23), a Cengio Rocchetta (Borgo della Zucca) \u00e8 stata sospesa in segno di lutto e di rispetto per <a href=\"https:\/\/www.ivg.it\/2020\/08\/cengio-in-lutto-e-morto-il-parroco-don-guido-zagheni\/\">la morte improvvisa di don Guido Zagheni<\/a>, parroco di Cengio.<span class=\"Apple-converted-space\">\u00a0<\/span><\/p>\n<p>&#8220;La Comunit\u00e0 \u00e8 unita nel dolore per la scomparsa di Don Guido che \u00e8 stato per Rocchetta non solo &#8216;il parroco&#8217;, ma un grande sincero amico&#8221;, &#8211; hanno spiegato gli organizzatori.<\/p>\n<p>&#8220;Pertanto, il &#8216;Cine per la Terra&#8217; di sabato 22 e gli eventi di domenica 23 (Battitura del Moco, Dante senza leggio, Farinata e Frittelle) sono rinviati a data da stabilire&#8221;, hanno concluso.<\/p>\n","protected":false},"excerpt":{"rendered":"<p>Eventi in programma oggi e domani (23 agosto): rinviati a data da stabilire<\/p>\n","protected":false},"author":18599,"featured_media":0,"comment_status":"open","ping_status":"closed","sticky":false,"template":"","format":"standard","meta":{"footnotes":""},"categories":[56,34],"tags":[],"class_list":["post-505469","post","type-post","status-publish","format-standard","hentry","category-altre","category-cronaca","post_cat_citta-cengio"],"amp_validity":null,"amp_enabled":true,"_links":{"self":[{"href":"https:\/\/staging.ivg.it\/ediapi\/wp\/v2\/posts\/505469","targetHints":{"allow":["GET"]}}],"collection":[{"href":"https:\/\/staging.ivg.it\/ediapi\/wp\/v2\/posts"}],"about":[{"href":"https:\/\/staging.ivg.it\/ediapi\/wp\/v2\/types\/post"}],"author":[{"embeddable":true,"href":"https:\/\/staging.ivg.it\/ediapi\/wp\/v2\/users\/18599"}],"replies":[{"embeddable":true,"href":"https:\/\/staging.ivg.it\/ediapi\/wp\/v2\/comments?post=505469"}],"version-history":[{"count":0,"href":"https:\/\/staging.ivg.it\/ediapi\/wp\/v2\/posts\/505469\/revisions"}],"wp:attachment":[{"href":"https:\/\/staging.ivg.it\/ediapi\/wp\/v2\/media?parent=505469"}],"wp:term":[{"taxonomy":"category","embeddable":true,"href":"https:\/\/staging.ivg.it\/ediapi\/wp\/v2\/categories?post=505469"},{"taxonomy":"post_tag","embeddable":true,"href":"https:\/\/staging.ivg.it\/ediapi\/wp\/v2\/tags?post=505469"}],"curies":[{"name":"wp","href":"https:\/\/api.w.org\/{rel}","templated":true}]}}