{"id":505459,"date":"2020-08-22T17:16:11","date_gmt":"2020-08-22T15:16:11","guid":{"rendered":"http:\/\/www.ivg.it\/?p=505459"},"modified":"2020-08-22T17:18:05","modified_gmt":"2020-08-22T15:18:05","slug":"olimpia-carcarese-il-presidente-dino-vercelli-sara-una-stagione-piena-di-ambizioni","status":"publish","type":"post","link":"https:\/\/staging.ivg.it\/2020\/08\/olimpia-carcarese-il-presidente-dino-vercelli-sara-una-stagione-piena-di-ambizioni\/","title":{"rendered":"Olimpia Carcarese, il presidente Dino Vercelli: &#8220;Sar\u00e0 una stagione piena di ambizioni&#8221;"},"content":{"rendered":"<p><strong>Carcare.<\/strong> \u00c8 inizia ufficialmente la <strong>stagione sportiva 2020\/2021<\/strong> per la prima squadra dell&#8217;<strong>Olimpia Carcarese<\/strong>, che ha cominciato gli allenamenti agli ordini di mister Loris Chiarlone. Il<strong> presidente Dino Vercelli<\/strong> racconta <strong>obiettivi e progetti futuri<\/strong> della societ\u00e0 valbormidese nell&#8217;intervista realizzata dall&#8217;addetta stampa Giorgia Scalise.<\/p>\n<p>&#8220;Quest&#8217;anno <strong>sar\u00e0 una stagione senz&#8217;altro molto interessante per la societ\u00e0<\/strong> &#8211; afferma Vercelli -. Abbiamo fatto una sorta di presentazione ai ragazzi di quello che \u00e8 il<strong> progetto della Carcarese<\/strong>; ci siamo presentati, con alcuni non ci conoscevamo ancora, perch\u00e9 <strong>la campagna acquisti \u00e8 stata condotta magistralmente da Edoardo Gandolfo e da Roberto Abbaldo,<\/strong> quindi oggi c&#8217;\u00e8 stata anche una ufficialit\u00e0 all&#8217;interno della societ\u00e0 tra tutti i ruoli e rispetto ai giocatori&#8221;.<\/p>\n<p>La formazione biancorossa punta in alto. &#8220;<strong>Sar\u00e0 senz&#8217;altro una stagione piena di ambizioni<\/strong> &#8211; ammette il presidente -; non nego che abbiamo una rosa veramente interessante, con giocatori molto seri e capaci. L&#8217;ambizione \u00e8 tanta, <strong>la Carcarese ha sempre ricoperto ruoli di prim&#8217;ordine e sinceramente vorrei che tornasse a ricoprire esattamente quelle posizioni<\/strong>&#8220;.<\/p>\n<p>Al via del campionato di Seconda Categoria ci sar\u00e0 la <strong>Carcarese &#8220;B&#8221;.<\/strong> &#8220;\u00c8 una novit\u00e0 molto interessante perch\u00e9 <strong>abbiamo dato la possibilit\u00e0 a dei giovani, che l&#8217;anno scorso avevano partecipato al campionato Juniores, di confrontarsi con giocatori di esperienza pi\u00f9 elevata<\/strong>, anche solo per un fattore di et\u00e0 &#8211; sottolinea -. Credo che questo sia molto utile per i ragazzi, perch\u00e9 fanno parte della squadra giocatori nuovi ma anche giocatori che hanno militato l&#8217;anno scorso nella Juniores, quindi stiamo parlando di settore giovanile, seguiti da mister Siri, a cui rinnovo le congratulazioni da parte mia e della societ\u00e0 perch\u00e9 \u00e8 diventato pap\u00e0 la settimana scorsa<strong>. Mister Siri avr\u00e0 la guida di questa squadra che per noi diventa un altro progetto interessante:<\/strong> abbandonare il discorso Juniores ma consentire ai ragazzi di crescere all&#8217;interno di un campionato dei grandi&#8221;.<\/p>\n<p>A breve verr\u00e0 svelato un nuovo progetto. &#8220;<strong>I tifosi hanno avuto e hanno un ruolo fondamentale per la societ\u00e0 e quest&#8217;anno lo avranno ancora di pi\u00f9,<\/strong> perch\u00e9 abbiamo studiato un maggiore coinvolgimento dei sostenitori della Carcarese con <strong>un progetto che va al di l\u00e0 del calcio ma che tocca pi\u00f9 ambiti della nostra cittadinanza<\/strong> &#8211; spiega Vercelli -. Quindi non solo calcio ma anche progetti per i giovani e addirittura anche altre associazioni sportive che verranno coinvolte attraverso questo progetto che coinvolge Carcare nella sua totalit\u00e0&#8221;.<\/p>\n<p>&#8220;Il Corrent quest&#8217;anno vedr\u00e0 al suo interno non soltanto l&#8217;Associazione Sportiva Carcarese ma anche il <strong>coinvolgimento di un&#8217;altra associazione gi\u00e0 esistente sul territorio,<\/strong> sempre in ambito sportivo, che collaborer\u00e0 con la Carcarese in diverse iniziative pi\u00f9 la creazione di quest&#8217;altra struttura che<strong> coinvolger\u00e0 la tifoseria e si occuper\u00e0 dello sviluppo del progetto, nella mentalit\u00e0 di avvicinamento di tutta la cittadinanza allo sport.<\/strong> Quindi non solo calcio, ma anche ambiti diversi, pi\u00f9 ampi&#8221; conclude Dino Vercelli.<\/p>\n","protected":false},"excerpt":{"rendered":"<p>La settimana prossima verr\u00e0 annunciato un nuovo progetto per coinvolgere maggiormente la cittadinanza<\/p>\n","protected":false},"author":18,"featured_media":0,"comment_status":"open","ping_status":"closed","sticky":false,"template":"","format":"standard","meta":{"footnotes":""},"categories":[45296,182,32],"tags":[107686,85989,719],"class_list":["post-505459","post","type-post","status-publish","format-standard","hentry","category-copertina","category-calcio","category-sport","tag-asd-olimpia-carcarese","tag-calcio","tag-prima-categoria","post_cat_citta-carcare","post_tag_personaggi-dino-vercelli"],"amp_validity":null,"amp_enabled":true,"_links":{"self":[{"href":"https:\/\/staging.ivg.it\/ediapi\/wp\/v2\/posts\/505459","targetHints":{"allow":["GET"]}}],"collection":[{"href":"https:\/\/staging.ivg.it\/ediapi\/wp\/v2\/posts"}],"about":[{"href":"https:\/\/staging.ivg.it\/ediapi\/wp\/v2\/types\/post"}],"author":[{"embeddable":true,"href":"https:\/\/staging.ivg.it\/ediapi\/wp\/v2\/users\/18"}],"replies":[{"embeddable":true,"href":"https:\/\/staging.ivg.it\/ediapi\/wp\/v2\/comments?post=505459"}],"version-history":[{"count":0,"href":"https:\/\/staging.ivg.it\/ediapi\/wp\/v2\/posts\/505459\/revisions"}],"wp:attachment":[{"href":"https:\/\/staging.ivg.it\/ediapi\/wp\/v2\/media?parent=505459"}],"wp:term":[{"taxonomy":"category","embeddable":true,"href":"https:\/\/staging.ivg.it\/ediapi\/wp\/v2\/categories?post=505459"},{"taxonomy":"post_tag","embeddable":true,"href":"https:\/\/staging.ivg.it\/ediapi\/wp\/v2\/tags?post=505459"}],"curies":[{"name":"wp","href":"https:\/\/api.w.org\/{rel}","templated":true}]}}