{"id":505448,"date":"2020-08-22T14:18:10","date_gmt":"2020-08-22T12:18:10","guid":{"rendered":"http:\/\/www.ivg.it\/?p=505448"},"modified":"2020-08-22T15:23:39","modified_gmt":"2020-08-22T13:23:39","slug":"prima-categoria-quilianovalleggia-la-rosa-a-disposizione-di-mister-ferraro","status":"publish","type":"post","link":"https:\/\/staging.ivg.it\/2020\/08\/prima-categoria-quilianovalleggia-la-rosa-a-disposizione-di-mister-ferraro\/","title":{"rendered":"Prima Categoria, Quiliano&#038;Valleggia: la rosa a disposizione di mister Ferraro"},"content":{"rendered":"<p><strong>Quiliano<\/strong>. Dopo aver messo le basi per costruire un settore giovanile importante, per il <strong>Quiliano&amp;Valleggia<\/strong> \u00e8 giunto il momento della<strong> prima squadra<\/strong>, la quale luned\u00ec inizier\u00e0 la preparazione atletica agli ordini di <strong>mister Chicco Ferraro<\/strong> e del suo staff nella giornata di <strong>luned\u00ec 24 agosto.<\/strong><\/p>\n<p>La scorsa stagione si \u00e8 conclusa in anticipo, per via della pandemia, con i biancorossoviola in decima posizione con 18 punti. La prossima \u00e8 alle porte e la squadra inizier\u00e0 il proprio cammino che la vedr\u00e0 ancora una volta impegnata <strong>nel girone A ligure di Prima Categoria.<\/strong><\/p>\n<p>I ragazzi, prima del 4 ottobre, data dell&#8217;inizio del campionato, parteciperanno alla Coppa Liguria e a varie amichevoli e tornei, tra i quali i classici Borreani e Fanfoni, organizzati dallo stesso Quiliano&amp;Valleggia, che verranno presentati nei prossimi giorni.<\/p>\n<p>Di seguito <strong>la rosa dei giocatori.<\/strong><\/p>\n<p><strong>Portieri:<\/strong> Andrea Bruzzone, Jacopo Cambone, Mirco Fradella.<\/p>\n<p><strong>Difensori<\/strong>: Gabriel Bondi, Daniel Buffo, Lorenzo Carocci, Marco Fiori, Dario Porazzo, Gregorio Rebizzo, Alessandro Russo, Gabriele Salinas.<\/p>\n<p><strong>Centrocampisti:<\/strong> Manuel Bertola, Davide Botta, Gabriele Caruzzo, Igor Fabbretti, Davide Grippo, Samuele Lupino, Daniele Magnani, Matteo Olivieri, Jacopo Ottonello, Amedeo Serra, Simone Vezzolla, Alessio Vivalda.<\/p>\n<p><strong>Attaccanti:<\/strong> Filippo Bazzano, Andrea Fazio, Leonardo Intili, Simone Martino, Edoardo Perrone, Jacopo Paggi, Luca Raffa.<\/p>\n","protected":false},"excerpt":{"rendered":"<p>La squadra inizier\u00e0 gli allenamenti luned\u00ec 24 agosto<\/p>\n","protected":false},"author":18,"featured_media":0,"comment_status":"open","ping_status":"closed","sticky":false,"template":"","format":"standard","meta":{"footnotes":""},"categories":[45296,182,32],"tags":[100676],"class_list":["post-505448","post","type-post","status-publish","format-standard","hentry","category-copertina","category-calcio","category-sport","tag-quilianovalleggia","post_cat_citta-quiliano"],"amp_validity":null,"amp_enabled":true,"_links":{"self":[{"href":"https:\/\/staging.ivg.it\/ediapi\/wp\/v2\/posts\/505448","targetHints":{"allow":["GET"]}}],"collection":[{"href":"https:\/\/staging.ivg.it\/ediapi\/wp\/v2\/posts"}],"about":[{"href":"https:\/\/staging.ivg.it\/ediapi\/wp\/v2\/types\/post"}],"author":[{"embeddable":true,"href":"https:\/\/staging.ivg.it\/ediapi\/wp\/v2\/users\/18"}],"replies":[{"embeddable":true,"href":"https:\/\/staging.ivg.it\/ediapi\/wp\/v2\/comments?post=505448"}],"version-history":[{"count":0,"href":"https:\/\/staging.ivg.it\/ediapi\/wp\/v2\/posts\/505448\/revisions"}],"wp:attachment":[{"href":"https:\/\/staging.ivg.it\/ediapi\/wp\/v2\/media?parent=505448"}],"wp:term":[{"taxonomy":"category","embeddable":true,"href":"https:\/\/staging.ivg.it\/ediapi\/wp\/v2\/categories?post=505448"},{"taxonomy":"post_tag","embeddable":true,"href":"https:\/\/staging.ivg.it\/ediapi\/wp\/v2\/tags?post=505448"}],"curies":[{"name":"wp","href":"https:\/\/api.w.org\/{rel}","templated":true}]}}