{"id":505106,"date":"2020-08-18T11:59:03","date_gmt":"2020-08-18T09:59:03","guid":{"rendered":"http:\/\/www.ivg.it\/?p=505106"},"modified":"2020-08-18T11:59:03","modified_gmt":"2020-08-18T09:59:03","slug":"finale-ligure-avviata-la-pulizia-di-rii-minori-e-torrenti-nel-territorio-comunale","status":"publish","type":"post","link":"https:\/\/staging.ivg.it\/2020\/08\/finale-ligure-avviata-la-pulizia-di-rii-minori-e-torrenti-nel-territorio-comunale\/","title":{"rendered":"Finale Ligure, avviata la pulizia di rii minori e torrenti nel territorio comunale"},"content":{"rendered":"<p><strong>Finale Ligure.<\/strong> &#8220;Come ormai di consueto in questi ultimi anni, abbiamo avviato la pulizia di rii minori e torrenti&#8221;: cos\u00ec il vicesindaco Andrea Guzzi con delega a Protezione Civile e Lavori Pubblici annuncia l&#8217;inizio delle operazioni di pulizia dei fiumi nel territorio comunale.<\/p>\n<p>&#8220;Come fatto a partire dal 2015 le azioni di pulizia sono programmate su base pluriennale proprio per una ben precisa strategia di intervento che impegna la ditta incaricata alla rimozione della folta vegetazione fluviale e all&#8217;abbattimento di alberature cresciute spontaneamente sugli argini e nei letti dei nostri torrenti. Abbiamo iniziato con la pulizia dei rii minori e ora siamo subito passati alla parte alta del Pora&#8221;, spiega.<\/p>\n<p>&#8220;Nel mese di settembre passeremo alla pulizia dello Sciusa, cui seguir\u00e0 l&#8217;importante cantiere del disalveo per abbassare il letto del fiume per riportarlo alle quote di sicurezza (cantiere di oltre 100 mila euro che prevede lo sversamento del materiale fluviale in mare) &#8211; anticipa il vicesindaco &#8211; A fine settembre sar\u00e0 la volta del torrente Aquila, su cui abbiamo lavorato in modo approfondito lo scorso anno ma che necessita di ulteriori interventi&#8221;.<\/p>\n<p>&#8220;Saranno mesi di lavori volti alla sicurezza con il lavoro che sar\u00e0 eseguito dalla ditta Tracce, ditta che ha vinto l&#8217;appalto triennale lo scorso anno e quindi proseguir\u00e0 anche nel 2021 &#8211; conclude Andrea Guzzi &#8211; L&#8217;obiettivo \u00e8 arrivare pronti alla stagione delle piogge e come gli ultimi anni attiveremo tutte le misure di prevenzione di cui potremo disporre ed anche di pi\u00f9&#8221;.<\/p>\n","protected":false},"excerpt":{"rendered":"<p>Guzzi: &#8220;Arriviamo pronti alla stagione delle piogge con le misure di prevenzione&#8221;<\/p>\n","protected":false},"author":11510,"featured_media":0,"comment_status":"open","ping_status":"closed","sticky":false,"template":"","format":"standard","meta":{"footnotes":""},"categories":[45296,56,34],"tags":[],"class_list":["post-505106","post","type-post","status-publish","format-standard","hentry","category-copertina","category-altre","category-cronaca","post_cat_citta-finale-ligure"],"amp_validity":null,"amp_enabled":true,"_links":{"self":[{"href":"https:\/\/staging.ivg.it\/ediapi\/wp\/v2\/posts\/505106","targetHints":{"allow":["GET"]}}],"collection":[{"href":"https:\/\/staging.ivg.it\/ediapi\/wp\/v2\/posts"}],"about":[{"href":"https:\/\/staging.ivg.it\/ediapi\/wp\/v2\/types\/post"}],"author":[{"embeddable":true,"href":"https:\/\/staging.ivg.it\/ediapi\/wp\/v2\/users\/11510"}],"replies":[{"embeddable":true,"href":"https:\/\/staging.ivg.it\/ediapi\/wp\/v2\/comments?post=505106"}],"version-history":[{"count":0,"href":"https:\/\/staging.ivg.it\/ediapi\/wp\/v2\/posts\/505106\/revisions"}],"wp:attachment":[{"href":"https:\/\/staging.ivg.it\/ediapi\/wp\/v2\/media?parent=505106"}],"wp:term":[{"taxonomy":"category","embeddable":true,"href":"https:\/\/staging.ivg.it\/ediapi\/wp\/v2\/categories?post=505106"},{"taxonomy":"post_tag","embeddable":true,"href":"https:\/\/staging.ivg.it\/ediapi\/wp\/v2\/tags?post=505106"}],"curies":[{"name":"wp","href":"https:\/\/api.w.org\/{rel}","templated":true}]}}