{"id":504988,"date":"2020-08-17T11:59:50","date_gmt":"2020-08-17T09:59:50","guid":{"rendered":"http:\/\/www.ivg.it\/?p=504988"},"modified":"2020-08-17T11:59:50","modified_gmt":"2020-08-17T09:59:50","slug":"fiascolata-circolo-culturale-dego-risponde-allasta-benefica-con-4-000-grazie","status":"publish","type":"post","link":"https:\/\/staging.ivg.it\/2020\/08\/fiascolata-circolo-culturale-dego-risponde-allasta-benefica-con-4-000-grazie\/","title":{"rendered":"Fiascolata, Circolo Culturale Dego risponde all&#8217;asta benefica con &#8220;4.000 grazie&#8221;"},"content":{"rendered":"<p><strong>Dego<\/strong>. &#8220;Quattromila &#8216;grazie&#8217;. \u00c8 il bilancio di quanto raccolto, in euro, dal Circolo Culturale Dego insieme allo staff della Fiascolata grazie all&#8217;asta benefica on line che si \u00e8 avvalsa della partecipazione di 56 artisti (con 57 opere di cui 55 donate per la raccolta fondi), al fine di far proseguire l&#8217;intento di solidariet\u00e0 e sostegno che la tradizionale Fiascolata \u2013 quest&#8217;anno rinviata a causa delle misure restrittive riguardanti il corona virus &#8211; ha sempre assicurato ai progetti benefici&#8221; annuncia Raffaele Di Noia, del Circolo Culturale Dego.<\/p>\n<p>Per l&#8217;Aisla di Savona e Imperia sono stati raccolti quattromila euro destinati ad assicurare ulteriormente l&#8217;assistenza domiciliare alle famiglie dei malati di Sla. &#8220;Un gesto di cuore e di coraggio oltre che di speranza, in un momento di grandi difficolt\u00e0 sotto tutti i punti di vista&#8221;. L&#8217;asta online, terminata il 21 giugno proprio in concomitanza con la &#8220;Giornata Mondiale della Sla&#8221;, ha mosso una catena di solidariet\u00e0 che non ha fatto mancare all&#8217;Aisla il contributo derivante dalla Fiascolata di Dego&#8221; aggiunge.<\/p>\n<p>I risultati hanno soddisfatto gli organizzatori dell&#8217;evento. &#8220;L&#8217;arte salver\u00e0 il mondo o, meglio, contribuir\u00e0 a renderlo migliore. Questa \u00e8 la nostra speranza&#8221;, il commento di Monica Porro, del comitato organizzatore dell&#8217;evento.<\/p>\n<p>&#8220;Un traguardo sperato ma che non osavamo immaginare &#8211; commenta Marinella Aicardi del Circolo Culturale Dego &#8211; Il ringraziamento del Circolo Culturale Dego va agli artisti, alle persone che, con generosit\u00e0 e entusiasmo, hanno partecipato all&#8217;asta online, al gruppo Fiascolata Dego, a Aisla Savona-Imperia e a Aisla Onlus che ci hanno costantemente supportati. \u00c9 stata una bella camminata virtuale attraverso i percorsi dell&#8217;arte con l&#8217;augurio che nel 2021 si possa ritornare a camminare nei verdi sentieri di Dego&#8221;.<\/p>\n<p>Questi gli artisti che hanno partecipato all&#8217;iniziativa: Mauro Assandri, Luciana Audisio, Bruno Barbero, Franca Berruti, Rossella Bisazza, Alice Borchio, Elio Borchio, Patrizia Bussetti, Elisa Camera, Mario Capelli, Piero Carenti, Raffaello Carle, Scapoli Casa, Geremia Cerri, Valentina Cinelli, Lucia Curti, Angela Dell&#8217;Erba, Sayed Di Cairo, Laura Di Fonzo, Vanessa Di Mario, Carla Fontana, Barbara,Garbarino Anna Gentili, Lino Genzano, Rina Ginepro, Agnese Giribaldo, Laura Giuliani, Aurora Grimaldi, Guidomichele Iagulli, Alberto Iardella, Martina Lagorio, Giovanna Lupi, Laila Manuela Marino, Teresa Marsupino, Ingrid Mijich, Daniele Nardino, Daniela Oddera, Antonella Ottonelli, Iolanda Pesce, Andrea Pisano, Amedeo Poggio, Annamaria Pollero, Andrea Porro, Monica Porro, Silvana Prucca, Fernanda Prudenzano, Barbara Ricchebuono, Gabriella Santero, Annamaria Santi, Susanna Scarrone, Marica Servolo, Silvia Ugolini, Thea Vasta, Consuelo Viglietti, Bruna Zunino e Maria Zunino.<\/p>\n","protected":false},"excerpt":{"rendered":"<p>&#8220;L&#8217;arte salver\u00e0 il mondo o, meglio, contribuir\u00e0 a renderlo migliore&#8221;<\/p>\n","protected":false},"author":20734,"featured_media":0,"comment_status":"open","ping_status":"closed","sticky":false,"template":"","format":"standard","meta":{"footnotes":""},"categories":[56,57715],"tags":[796,798],"class_list":["post-504988","post","type-post","status-publish","format-standard","hentry","category-altre","category-no-profit","tag-aisla","tag-solidarieta","post_cat_citta-dego","post_tag_personaggi-marinella-aicardi","post_tag_personaggi-monica-porro","post_tag_personaggi-raffaele-di-noia"],"amp_validity":null,"amp_enabled":true,"_links":{"self":[{"href":"https:\/\/staging.ivg.it\/ediapi\/wp\/v2\/posts\/504988","targetHints":{"allow":["GET"]}}],"collection":[{"href":"https:\/\/staging.ivg.it\/ediapi\/wp\/v2\/posts"}],"about":[{"href":"https:\/\/staging.ivg.it\/ediapi\/wp\/v2\/types\/post"}],"author":[{"embeddable":true,"href":"https:\/\/staging.ivg.it\/ediapi\/wp\/v2\/users\/20734"}],"replies":[{"embeddable":true,"href":"https:\/\/staging.ivg.it\/ediapi\/wp\/v2\/comments?post=504988"}],"version-history":[{"count":0,"href":"https:\/\/staging.ivg.it\/ediapi\/wp\/v2\/posts\/504988\/revisions"}],"wp:attachment":[{"href":"https:\/\/staging.ivg.it\/ediapi\/wp\/v2\/media?parent=504988"}],"wp:term":[{"taxonomy":"category","embeddable":true,"href":"https:\/\/staging.ivg.it\/ediapi\/wp\/v2\/categories?post=504988"},{"taxonomy":"post_tag","embeddable":true,"href":"https:\/\/staging.ivg.it\/ediapi\/wp\/v2\/tags?post=504988"}],"curies":[{"name":"wp","href":"https:\/\/api.w.org\/{rel}","templated":true}]}}