{"id":50492,"date":"2009-02-18T12:05:10","date_gmt":"2009-02-18T11:05:10","guid":{"rendered":"http:\/\/www.ivg.it\/2009\/02\/18\/albenga-nuovo-depuratore-barbero-pdl-allattacco\/"},"modified":"2009-02-18T12:05:10","modified_gmt":"2009-02-18T11:05:10","slug":"albenga-nuovo-depuratore-barbero-pdl-allattacco","status":"publish","type":"post","link":"https:\/\/staging.ivg.it\/2009\/02\/albenga-nuovo-depuratore-barbero-pdl-allattacco\/","title":{"rendered":"Albenga, nuovo depuratore: Barbero (Pdl) all&#8217;attacco"},"content":{"rendered":"<p><strong>[thumb:9458:l]Albenga. <\/strong>Il consigliere comunale e regionale del Pdl Angelo Barbero attacca la giunta albenganese, guidata da Antonello Tabb\u00f2, sul tema della depurazione della acque. &#8220;La sitazione &#8211; dichiara l&#8217;esponente del centrodestra &#8211; sta assumendo aspetti farseschi. Non appena insediata, l&#8217;amministrazione non ha trovato niente di meglio da fare che eliminare il grigliatore al confine con Ceriale, per sostituirlo con uno di dimensioni ridotte in centro citt\u00e0, esattamente in fondo a via Otto Marzo&#8221;.<\/p>\n<p>&#8220;Come se tutto questo non bastasse &#8211; affonda poi Barbero &#8211; la giunta ha aderito all&#8217;idea di convogliare i nostri liquami fognari a Villanova. Se questa ipoesti andr\u00e0 in porto sar\u00e0 necessario variare tutta la rete esistente e spingere in salita la nostra fogna fino al sito prescelto&#8221;.<\/p>\n<p>&#8220;Inoltre non \u00e8 vero che i costi saranno contenuti dal recupero delle acque&#8221; continua il consigliere del Popolo della Libert\u00e0, che spiega: &#8220;Ho calcolato che gli albenganesi vedranno raddoppiato il costo dell&#8217;acqua per uso domestico attraverso cui si paga la depurazione. Infine il sito prescelto non \u00e8 sicuro, trovandosi in zona esondabile. E ancora: il comune di Villanova prender\u00e0 un sacco di soldi all&#8217;anno per risarcimento ambientale mentre in realt\u00e0 sar\u00e0 una parte del nostro territorio, al confine con Lusingano, a subirne i danni&#8221;.<\/p>\n","protected":false},"excerpt":{"rendered":"<p>[thumb:9458:l]Albenga. Il consigliere comunale e regionale del Pdl Angelo Barbero attacca la giunta albenganese, guidata da Antonello Tabb\u00f2, sul tema della depurazione della acque. &#8220;La sitazione &#8211; dichiara l&#8217;esponente del centrodestra &#8211; sta assumendo aspetti farseschi. Non appena insediata, l&#8217;amministrazione non ha trovato niente di meglio da fare che eliminare il grigliatore al confine con [&hellip;]<\/p>\n","protected":false},"author":1385,"featured_media":0,"comment_status":"open","ping_status":"closed","sticky":false,"template":"","format":"standard","meta":{"footnotes":""},"categories":[31],"tags":[85841,2809,1354,216],"class_list":["post-50492","post","type-post","status-publish","format-standard","hentry","category-politica","tag-albenga","tag-angelo-barbero","tag-depuratore","tag-pdl","post_cat_citta-albenga","post_cat_citta-villanova-dalbenga"],"amp_validity":null,"amp_enabled":true,"_links":{"self":[{"href":"https:\/\/staging.ivg.it\/ediapi\/wp\/v2\/posts\/50492","targetHints":{"allow":["GET"]}}],"collection":[{"href":"https:\/\/staging.ivg.it\/ediapi\/wp\/v2\/posts"}],"about":[{"href":"https:\/\/staging.ivg.it\/ediapi\/wp\/v2\/types\/post"}],"author":[{"embeddable":true,"href":"https:\/\/staging.ivg.it\/ediapi\/wp\/v2\/users\/1385"}],"replies":[{"embeddable":true,"href":"https:\/\/staging.ivg.it\/ediapi\/wp\/v2\/comments?post=50492"}],"version-history":[{"count":0,"href":"https:\/\/staging.ivg.it\/ediapi\/wp\/v2\/posts\/50492\/revisions"}],"wp:attachment":[{"href":"https:\/\/staging.ivg.it\/ediapi\/wp\/v2\/media?parent=50492"}],"wp:term":[{"taxonomy":"category","embeddable":true,"href":"https:\/\/staging.ivg.it\/ediapi\/wp\/v2\/categories?post=50492"},{"taxonomy":"post_tag","embeddable":true,"href":"https:\/\/staging.ivg.it\/ediapi\/wp\/v2\/tags?post=50492"}],"curies":[{"name":"wp","href":"https:\/\/api.w.org\/{rel}","templated":true}]}}