{"id":504840,"date":"2020-08-15T09:01:05","date_gmt":"2020-08-15T07:01:05","guid":{"rendered":"https:\/\/www.ivg.it\/?p=504840"},"modified":"2020-08-15T09:04:57","modified_gmt":"2020-08-15T07:04:57","slug":"italia-nostra-e-la-gallinara","status":"publish","type":"post","link":"https:\/\/staging.ivg.it\/2020\/08\/italia-nostra-e-la-gallinara\/","title":{"rendered":"Italia Nostra e la Gallinara&#8230;"},"content":{"rendered":"<p><strong>Albenga.<\/strong> Anche la sezione di Alassio di Italia Nostra si unisce ai cittadini e alle varie associazioni nell\u2019auspicio che gli Enti pubblici preposti possano acquisire la Riserva Naturale dell\u2019Isola Gallinara.<\/p>\n<p>La Gallinara \u00e8 sempre stata fortemente rappresentativa dell\u2019identit\u00e0 naturalistica e culturale del territorio compreso tra Albenga e Alassio e ci rallegriamo che il Comune di Albenga sia sensibile e consapevole della propria primaria responsabilit\u00e0 nel perseguimento degli obiettivi di tutela della Riserva Naturale e della sua valorizzazione.<br \/>\nCome da linee guida del Ministero dell\u2019Ambiente infatti, nelle aree protette, accanto agli obiettivi di conservazione e valorizzazione delle risorse naturali, sempre di pi\u00f9 vengono perseguite le finalit\u00e0 di promozione dello sviluppo sostenibile.<\/p>\n<p>Un armonioso rapporto dell&#8217;uomo con l&#8217;ambiente naturale, una promozione di attivit\u00e0 economiche compatibili (agricoltura, turismo), una valorizzazione della cultura, delle tradizioni e delle tipicit\u00e0 locali sono alcune delle tematiche sulle quali le aree naturali protette stanno indirizzando attenzioni, risorse, attivit\u00e0.<\/p>\n<p>Ci permettiamo quindi di ricordare che gi\u00e0 da L.R. 11 del 26\/04\/89 di Istituzione del Parco Naturale Regionale dell\u2019Isola Gallinara \u00e8 presente la possibilit\u00e0 di instaurare con la propriet\u00e0 programmi per la fruizione e le attivit\u00e0 culturali e didattiche: Art.4 (\u2026):<\/p>\n<p>1. In vista del conseguimento delle finalita&#8217; di cui all&#8217;articolo 3 lettera b) la Regione d&#8217;intesa con il Comune di Albenga predispone e aggiorna annualmente: a) programmi per la fruizione del parco che possono riguardare l&#8217;individuazione degli itinerari la loro sistemazione e manutenzione la predisposizione di segnaletica la manutenzione ed il ripristino dell&#8217;ambiente naturale la prevenzione e l&#8217;intervento antincendio, l&#8217;organizzazione e la gestione di visite guidate all&#8217; isola; b) programmi di attivita&#8217; culturali didattiche e scientifiche che possono riguardare l&#8217;organizzazione di iniziative culturali didattiche e promozionali e l&#8217;approfondimento e divulgazione delle conoscenze sulle risorse naturalistico-ambientali e storico-archeologico dell&#8217;isola. 2. I programmi sono elaborati tenendo conto delle proposte eventualmente formulate dalla Azienda di promozione turistica territorialmente competente, dall&#8217;Universita&#8217; degli studi di Genova, dall&#8217; Istituto internazionale di Studi liguri nonche&#8217; dalle associazioni di protezione ambientale.<\/p>\n<p>Art. 5 \u201cAttuazione dei programmi&#8221;:<br \/>\n1. Al fine di garantire l&#8217; attuazione dei programmi di cui all&#8217;articolo 4 la Regione ed il Comune di Albenga possono stipulare apposita convenzione con i proprietari dell&#8217; isola volta a definire le condizioni e le modalita&#8217; che consentano la fruizione del parco e lo svolgimento delle attivita&#8217; culturali e didattiche previste dai programmi stessi. (\u2026) Siamo fiduciosi quindi che in un modo o in un altro si possano finalmente gettare le basi per una corretta valorizzazione dell\u2019Isola a fini culturali e scientifici, volti alla conoscenza e alla tutela dell\u2019ambiente, a cui Italia Nostra dar\u00e0 tutto il suo sostegno.<\/p>\n<p style=\"text-align: right;\"><em><strong>Giusi Mazzola<br \/>\nPresidente sez. di Alassio di Italia Nostra <\/strong><\/em><\/p>\n","protected":false},"excerpt":{"rendered":"<p>Presa di posizione sul futuro dell&#8217;isola<\/p>\n","protected":false},"author":19909,"featured_media":0,"comment_status":"open","ping_status":"closed","sticky":false,"template":"","format":"standard","meta":{"footnotes":""},"categories":[34,120,31],"tags":[5574,2824],"class_list":["post-504840","post","type-post","status-publish","format-standard","hentry","category-cronaca","category-lettere","category-politica","tag-isola-gallinara","tag-italia-nostra","post_cat_citta-alassio","post_cat_citta-albenga"],"amp_validity":null,"amp_enabled":true,"_links":{"self":[{"href":"https:\/\/staging.ivg.it\/ediapi\/wp\/v2\/posts\/504840","targetHints":{"allow":["GET"]}}],"collection":[{"href":"https:\/\/staging.ivg.it\/ediapi\/wp\/v2\/posts"}],"about":[{"href":"https:\/\/staging.ivg.it\/ediapi\/wp\/v2\/types\/post"}],"author":[{"embeddable":true,"href":"https:\/\/staging.ivg.it\/ediapi\/wp\/v2\/users\/19909"}],"replies":[{"embeddable":true,"href":"https:\/\/staging.ivg.it\/ediapi\/wp\/v2\/comments?post=504840"}],"version-history":[{"count":0,"href":"https:\/\/staging.ivg.it\/ediapi\/wp\/v2\/posts\/504840\/revisions"}],"wp:attachment":[{"href":"https:\/\/staging.ivg.it\/ediapi\/wp\/v2\/media?parent=504840"}],"wp:term":[{"taxonomy":"category","embeddable":true,"href":"https:\/\/staging.ivg.it\/ediapi\/wp\/v2\/categories?post=504840"},{"taxonomy":"post_tag","embeddable":true,"href":"https:\/\/staging.ivg.it\/ediapi\/wp\/v2\/tags?post=504840"}],"curies":[{"name":"wp","href":"https:\/\/api.w.org\/{rel}","templated":true}]}}