{"id":504692,"date":"2020-08-13T12:32:35","date_gmt":"2020-08-13T10:32:35","guid":{"rendered":"http:\/\/www.ivg.it\/?p=504692"},"modified":"2020-08-13T13:10:41","modified_gmt":"2020-08-13T11:10:41","slug":"il-negro-o-lo-tratti-cosi-o-niente-reazioni-unanimi-ordine-dei-medici-intervenga","status":"publish","type":"post","link":"https:\/\/staging.ivg.it\/2020\/08\/il-negro-o-lo-tratti-cosi-o-niente-reazioni-unanimi-ordine-dei-medici-intervenga\/","title":{"rendered":"&#8220;Il negro o lo tratti cos\u00ec o niente&#8221;, reazioni unanimi: &#8220;Ordine dei Medici intervenga&#8221;"},"content":{"rendered":"<p><strong>Finale Ligure.<\/strong> &#8220;Il negro o lo tratti cos\u00ec o niente&#8221;. Il commento postato su Facebook da un medico di Finale Ligure, il ginecologo 64enne Marco Battaglieri (<strong><a href=\"https:\/\/www.ivg.it\/2020\/08\/medico-di-finale-ligure-frase-shock-sui-social-fatti-di-vicenza-il-negro-o-lo-tratti-cosi-o-niente\/\">leggi qui<\/a><\/strong>), alla notizia del <strong>21enne cubano preso per il collo da un agente a Vicenza<\/strong>\u00a0ha suscitato diverse reazioni. Per il suo ruolo politico (l&#8217;anno scorso era candidato alle elezioni comunali con il centrodestra) ma anche e soprattutto per la sua professione.<\/p>\n<p>Il primo a prendere posizione \u00e8 stato <strong>il Coordinamento Regionale Ligure dell&#8217;Associazione di Amicizia Italia Cuba<\/strong>: &#8220;Quella frase non \u00e8 stata detta da qualche ignorante componente del Klu Klux Klan, negli anni &#8217;50 negli USA, ma da un medico di Finale Ligure, il dott. Marco Battaglieri, a un giovane cubano, il cui comportamento poteva essere biasimato ma di certo non perch\u00e9 la sua pelle \u00e8 scura. Ci viene da pensare quanto siano fortunati i suoi pazienti con un colore di pelle non propriamente caucasica ad essere curati da un medico con tali convinzioni, alla faccia del giuramento di Ippocrate che di certo gli impone di non fare alcuna distinzione tra i vari colori della pelle umana. A tal proposito crediamo che l&#8217;Ordine Provinciale dei Medici savonesi dovrebbe prendere i dovuti provvedimenti sanzionatori&#8221;.<\/p>\n<div class=\"single-img-content-container fullwidth-single shortcode standard\">\n    <div class=\"image_container\" style=\"text-align: center;\">\n        <picture class=\" lazyload\"><img loading=\"lazy\" class=\"lazy\" data-srcset=\"https:\/\/www.ivg.it\/photogallery_new\/images\/2020\/08\/generica-641044.jpg 1024w, https:\/\/www.ivg.it\/photogallery_new\/images\/2020\/08\/generica-641044.jpg 970w, https:\/\/www.ivg.it\/photogallery_new\/images\/2020\/08\/generica-641044.jpg 660w, https:\/\/www.ivg.it\/photogallery_new\/images\/2020\/08\/generica-641044.jpg 316w, https:\/\/www.ivg.it\/photogallery_new\/images\/2020\/08\/generica-641044.jpg 150w\"  data-src=\"https:\/\/www.ivg.it\/photogallery_new\/images\/2020\/08\/generica-641044.jpg\" alt=\"Generica\" \/><\/picture>\r\n\n    <\/div>\n    <\/div>\n\n<p>Analogo commento da parte di <strong>Giovanni Durante, presidente della cooperativa sociale Arcimedia e candidato alle prossime elezioni regionali nella lista civica di Ferruccio Sansa<\/strong>: &#8220;Ci sono due considerazioni da fare. La prima \u00e8 che a scrivere certe considerazioni \u00e8 stato un medico: il codice deontologico \u00e8 chiaro, \u00e8 una cosa molto grave e spero che l&#8217;Ordine intervenga immediatamente per prendere provvedimenti. La seconda \u00e8 in generale sul razzismo: questo \u00e8 il prodotto di campagne di anni, sdoganare il razzismo \u00e8 come sdoganare un virus che avvelena tutti e rende una societ\u00e0 peggiore. Ci sono delle responsabilit\u00e0 culturali, sociali e politiche profonde di chi approfitta della situazione per alimentare il razzismo e portare a casa voti: ed \u00e8 una cosa squallida, che deve finire. Ci dobbiamo confrontare sui temi, anche quello dell&#8217;immigrazione, ma in modo serio e non cos\u00ec. E&#8217; un modo vergognoso che la Lega e i partiti che appoggiano Toti portano avanti in maniera molto pericolosa per il Paese. Perch\u00e8 &#8216;\u00e8 successo e pu\u00f2 di nuovo succedere&#8217;, come scrive Primo Levi. La candidatura di Sansa e la mia hanno anche questo senso profondo: l&#8217;immigrazione \u00e8 un tema serio che non va gestito in questo modo, alimentando paura e razzismo&#8221;.<\/p>\n<p>A invocare un intervento dell&#8217;Ordine dei Medici \u00e8 anche<strong> Giuliano Arnaldi, presidente dell&#8217;associazione culturale Fischia il Vento<\/strong>, che per\u00f2 si spinge oltre e preannuncia una segnalazione in Procura. &#8220;L&#8217;affermazione del dott. Battaglieri infanga gli operatori sanitari e la loro indiscussa umanit\u00e0 e devozione, viola il giuramento di Ippocrate e sottolinea la pochezza pericolosa di una minoranza disumana che va tacitata. Viola l&#8217;art. 3 della Costituzione che recita &#8216;Tutti i cittadini hanno pari dignit\u00e0 senza distinzione di sesso, di razza, di lingua, di religione&#8230;&#8217;. Ecco perch\u00e9 riteniamo doveroso segnalare il fatto alle Autorit\u00e0 competenti affinch\u00e9 valutino eventuali profili di reato e adottino le necessarie misure di repressione. Chiediamo anche all&#8217;Ordine dei Medici di Savona di pronunciarsi, considerando incompatibile una simile affermazione con l&#8217;esercizio della nobile professione di Medico&#8221;.<\/p>\n<p>Il commento del medico, ricorda Arnaldi, compariva sotto una notizia postata da Massimo Gualberti, candidato sindaco per il centrodestra un anno fa a Finale Ligure: &#8220;Gualberti commenta in sostanza &#8216;chi si comporta bene non corre rischi&#8217;, legittimando una visione ferocemente vendicativa e priva di ogni garanzia da parte delle Forze dell&#8217;Ordine. Visione distante anni luce dalla Costituzione, dalle leggi vigenti e sopratutto dalla sensibilit\u00e0 umana che caratterizza l&#8217;azione della grandissima maggioranza degli esponenti delle Forze dell&#8217;ordine: non &#8216;sceriffi&#8217; dal grilletto facile ma cittadini in divisa al servizio dei cittadini. Chiediamo alle forze politiche e ai cartelli elettorali nelle quali il Gualberti si riconosce di esprimersi con forza&#8221;.<\/p>\n","protected":false},"excerpt":{"rendered":"<p>E l&#8217;associazione Fischia Il Vento preannuncia una segnalazione in Procura<\/p>\n","protected":false},"author":10593,"featured_media":0,"comment_status":"open","ping_status":"closed","sticky":false,"template":"","format":"standard","meta":{"footnotes":""},"categories":[45296,31],"tags":[8760],"class_list":["post-504692","post","type-post","status-publish","format-standard","hentry","category-copertina","category-politica","tag-fischia-il-vento","post_cat_citta-finale-ligure","post_tag_personaggi-giovanni-durante","post_tag_personaggi-giuliano-arnaldi"],"amp_validity":null,"amp_enabled":true,"_links":{"self":[{"href":"https:\/\/staging.ivg.it\/ediapi\/wp\/v2\/posts\/504692","targetHints":{"allow":["GET"]}}],"collection":[{"href":"https:\/\/staging.ivg.it\/ediapi\/wp\/v2\/posts"}],"about":[{"href":"https:\/\/staging.ivg.it\/ediapi\/wp\/v2\/types\/post"}],"author":[{"embeddable":true,"href":"https:\/\/staging.ivg.it\/ediapi\/wp\/v2\/users\/10593"}],"replies":[{"embeddable":true,"href":"https:\/\/staging.ivg.it\/ediapi\/wp\/v2\/comments?post=504692"}],"version-history":[{"count":0,"href":"https:\/\/staging.ivg.it\/ediapi\/wp\/v2\/posts\/504692\/revisions"}],"wp:attachment":[{"href":"https:\/\/staging.ivg.it\/ediapi\/wp\/v2\/media?parent=504692"}],"wp:term":[{"taxonomy":"category","embeddable":true,"href":"https:\/\/staging.ivg.it\/ediapi\/wp\/v2\/categories?post=504692"},{"taxonomy":"post_tag","embeddable":true,"href":"https:\/\/staging.ivg.it\/ediapi\/wp\/v2\/tags?post=504692"}],"curies":[{"name":"wp","href":"https:\/\/api.w.org\/{rel}","templated":true}]}}