{"id":504430,"date":"2020-08-10T16:33:04","date_gmt":"2020-08-10T14:33:04","guid":{"rendered":"http:\/\/www.ivg.it\/?p=504430"},"modified":"2020-08-10T16:33:04","modified_gmt":"2020-08-10T14:33:04","slug":"cairese-francesco-saviozzi-sono-rimasto-per-laffetto-di-tifosi-e-societa-nei-miei-confronti","status":"publish","type":"post","link":"https:\/\/staging.ivg.it\/2020\/08\/cairese-francesco-saviozzi-sono-rimasto-per-laffetto-di-tifosi-e-societa-nei-miei-confronti\/","title":{"rendered":"Cairese, Francesco Saviozzi: &#8220;Sono rimasto per l&#8217;affetto di tifosi e societ\u00e0 nei miei confronti&#8221;"},"content":{"rendered":"<p><strong>Cairo Montenotte<\/strong>. Il post lockdown e la bella stagione hanno portato una fitta schiera di corteggiatori desiderosi di conquistare le prestazioni sportive di <strong>capitan Francesco Saviozzi.<\/strong> Dopo le riflessioni del caso, doverose quando tra le pretendenti vi sono realt\u00e0 di assoluto prestigio, <strong>la scelta \u00e8 stata rimanere in giallobl\u00f9.<\/strong> Nella societ\u00e0 dove \u00e8 cresciuto, che lo ha lanciato tra i grandi e di cui adesso \u00e8 un indiscutibile punto di forza.<\/p>\n<p>Nell&#8217;intervista realizzata dall\u2019addetto stampa Daniele Siri,<strong> Saviozzi<\/strong> dichiara: &#8220;Purtroppo per questo Covid <strong>non siano riusciti a terminare la stagione, dispiace tantissimo anche perch\u00e9 eravamo quarti,<\/strong> potevamo dire la nostra, mancavano diverse partite e secondo me potevamo arrivare, se non secondi, almeno terzi. Con le prime tre della classe non avevamo mai perso, anzi avevamo vinto con Sestri Levante e Albenga. Ci mancava l&#8217;Imperia al ritorno. Purtroppo siamo rimasti chiusi in casa ed \u00e8 iniziata poi l&#8217;estate. <strong>Dopo alcuni corteggiamenti ho deciso di rimanere qua;<\/strong> mi hanno fatto piacere perch\u00e9 mi fanno capire che in questi anni qualcosa di buono l&#8217;ho fatto. Tra <strong>l&#8217;amore che c&#8217;\u00e8 per la Cairese, quello dei tifosi e la societ\u00e0 nei miei confronti,<\/strong> mi hanno fatto rimanere qua. L&#8217;avevo subito detto: <strong>se devo cambiare \u00e8 per puntare pi\u00f9 in alto<\/strong>, perch\u00e9 uno che gioca a calcio deve puntare sempre ad andare pi\u00f9 in alto possibile e io, se cambiavo, aveva un&#8217;opportunit\u00e0 di andare in una categoria superiore. Non \u00e8 avvenuto;<strong> il mio primo pensiero, l&#8217;ho sempre detto, era quello di rimanere qua.<\/strong> Grazie alla societ\u00e0 sono rimasto e sono contentissimo&#8221;.<\/p>\n<p>Il fatto che sia tornato Diego Alessi &#8220;ha inciso parecchio &#8211; ammette Francesco -, ma <strong>ha inciso soprattutto anche il bene che i cittadini e tifosi della Cairese hanno nei miei confronti,<\/strong> perch\u00e9 ho ricevuto molti messaggi e telefonate. Anche Diego mi ha telefonato, con lui ho un rapporto fraterno. Ha inciso anche il fatto che \u00e8 tornato il mister che mi ha fatto esordire e sono rimasti molti miei compagni pi\u00f9 &#8216;anzianotti&#8217;, quali Moraglio, Facello, Prato, Doffo, Piana, Pastorino: tutta gente che mi \u00e8 sempre stata vicino e mi ha convinto sempre di pi\u00f9 a rimanere. Mi \u00e8 andata benissimo cos\u00ec&#8221;.<\/p>\n<p>In due anni Alessi e Saviozzi hanno fatto ottantasette gol, messi insieme. &#8220;<strong>Ci\u00f2 che promettiamo \u00e8 che metteremo il cento per cento e la maglia la suderemo tutte le partite.<\/strong> Speriamo di fare qualche gol come abbiamo fatto; vedremo partita per partita e punteremo sempre pi\u00f9 in alto&#8221; dice l&#8217;attaccante.<\/p>\n<p>Con mister Benzi, Saviozzi esord\u00ec in prima squadra. &#8220;Il ricordo &#8211; racconta &#8211; era dell&#8217;anno precedente, che non avevo esordito. Era l&#8217;anno che la Cairese doveva salire in Serie D; io ero andato a febbraio ad allenarmi e basta. Ero andato a fare una panchina, me l&#8217;aveva detto il buon Carlo Pizzorno, ed era un&#8217;emozione incredibile perch\u00e9 c&#8217;era gente del calibro di Lorieri, Solari, Chiarlone, Giribone, lo stesso Alessi, Barone, da categorie superiori. Ed <strong>era gi\u00e0 emozionante per me allenarmi.<\/strong> Poi l&#8217;anno dopo sono rimasto, <strong>mister Benzi mi aveva detto &#8216;se io rimango il prossimo anno, tu rimani qua con me, ti porto in prima squadra&#8217; e mi ha fatto esordire<\/strong> in trasferta contro il Rivasamba, perdemmo 2 a 0. <strong>La partita dopo ero partito titolare e avevamo vinto 3 a 0 contro il Campomorone in casa ed \u00e8 stata un&#8217;emozione incredibile<\/strong>, perch\u00e9 avevo 17\/18 anni e di fronte al tuo pubblico di casa \u00e8 un&#8217;emozione particolare. L&#8217;unico rammarico che ho \u00e8 che<strong> ero un po&#8217; troppo timoroso\u00a0al tempo;<\/strong> avessi levato un po&#8217; la paura e quell&#8217;ansia che avevo magari potevo fare qualche gol in pi\u00f9, per\u00f2 sono contentissimo cos\u00ec<strong>. Adesso sono diventato capitano<\/strong>&#8220;.<\/p>\n<p>Francesco fece anche un&#8217;esperienza al Pallare. &#8220;<strong>Fare Prima Categoria al tempo, che era anche pi\u00f9 di alto livello, mi ha insegnato tanto.<\/strong> Ho preso tante botte, mi ha fatto maturare, ho avuto compagni anche come Ognjanovic, Berta, lo stesso Mignone,\u00a0Di Mare, che mi hanno fatto crescere a livello umano. Ho fatto tre stagioni spettacolari, mi sono divertito un sacco in quegli anni<strong>. Poi c&#8217;\u00e8 stato il ritorno qui a Cairo e nel primo anno in Promozione non me lo sarei mai aspettato di fare quei ventuno gol alla fine della stagione.<\/strong> Avevo come compagno Diego, mi ha dato una grossissima mano e da l\u00ec \u00e8 partita la famosa coppia &#8211; conclude -; <strong>speriamo di continuare quest&#8217;anno<\/strong>&#8220;.<\/p>\n","protected":false},"excerpt":{"rendered":"<p>L&#8217;attaccante racconta cosa \u00e8 accaduto durante l&#8217;estate e commenta, in particolare, i suoi rapporti con Alessi e con mister Benzi<\/p>\n","protected":false},"author":18,"featured_media":0,"comment_status":"open","ping_status":"closed","sticky":false,"template":"","format":"standard","meta":{"footnotes":""},"categories":[45296,182,32],"tags":[92941,85989,569],"class_list":["post-504430","post","type-post","status-publish","format-standard","hentry","category-copertina","category-calcio","category-sport","tag-asd-cairese-1919","tag-calcio","tag-eccellenza","post_cat_citta-cairo-montenotte","post_tag_personaggi-francesco-saviozzi"],"amp_validity":null,"amp_enabled":true,"_links":{"self":[{"href":"https:\/\/staging.ivg.it\/ediapi\/wp\/v2\/posts\/504430","targetHints":{"allow":["GET"]}}],"collection":[{"href":"https:\/\/staging.ivg.it\/ediapi\/wp\/v2\/posts"}],"about":[{"href":"https:\/\/staging.ivg.it\/ediapi\/wp\/v2\/types\/post"}],"author":[{"embeddable":true,"href":"https:\/\/staging.ivg.it\/ediapi\/wp\/v2\/users\/18"}],"replies":[{"embeddable":true,"href":"https:\/\/staging.ivg.it\/ediapi\/wp\/v2\/comments?post=504430"}],"version-history":[{"count":0,"href":"https:\/\/staging.ivg.it\/ediapi\/wp\/v2\/posts\/504430\/revisions"}],"wp:attachment":[{"href":"https:\/\/staging.ivg.it\/ediapi\/wp\/v2\/media?parent=504430"}],"wp:term":[{"taxonomy":"category","embeddable":true,"href":"https:\/\/staging.ivg.it\/ediapi\/wp\/v2\/categories?post=504430"},{"taxonomy":"post_tag","embeddable":true,"href":"https:\/\/staging.ivg.it\/ediapi\/wp\/v2\/tags?post=504430"}],"curies":[{"name":"wp","href":"https:\/\/api.w.org\/{rel}","templated":true}]}}