{"id":504304,"date":"2020-08-09T13:45:33","date_gmt":"2020-08-09T11:45:33","guid":{"rendered":"http:\/\/www.ivg.it\/?p=504304"},"modified":"2020-08-09T13:46:45","modified_gmt":"2020-08-09T11:46:45","slug":"treno-preso-a-sassate-ad-alassio-la-furia-dei-pendolari-ora-basta-ci-vuole-la-scorta","status":"publish","type":"post","link":"https:\/\/staging.ivg.it\/2020\/08\/treno-preso-a-sassate-ad-alassio-la-furia-dei-pendolari-ora-basta-ci-vuole-la-scorta\/","title":{"rendered":"Treno preso a sassate ad Alassio, la furia dei pendolari: &#8220;Ora basta, ci vuole la scorta&#8221;"},"content":{"rendered":"<p><strong>Imperia<\/strong>. &#8220;Ora basta,\u00a0esigiamo la scorta delle forze dell&#8217;ordine a bordo dei treni.\u00a0Nel caso anche con l\u2019esercito&#8221;. A dirlo \u00e8 Sebastiano Lopes, portavoce del Comitato utenti Trenitalia del Ponente, federato con Assoutenti. Lo sfogo arriva a breve distanza dall&#8217;ennesimo episodio di vandalismo ai danni dei treni, avvenuto questa mattina tra Alassio e Albenga dove <a href=\"https:\/\/www.ivg.it\/2020\/08\/alassio-treno-preso-a-sassate-dai-vandali\/\">l&#8217;Intercity 505 Ventimiglia-Roma \u00e8 stato preso a sassate<\/a>.<\/p>\n<p>Nessun ferito, fortunatamente, ma inevitabili sia i danni (un vetro distrutto) sia i disagi (il vagone \u00e8 stato svuotato e il treno \u00e8 stato costretto a viaggiare a velocit\u00e0 ridotta fino a Savona dove \u00e8 stato riparato, accumulando un ritardo totale di oltre 70 minuti). Ma quello di stamane, spiegano dal comitato, sarebbe solamente l&#8217;ultimo di una serie di episodi<\/p>\n<p>I<strong>l Comitato utenti ha scritto anche al ministro degli Interni Luciana Lamorgese<\/strong>, chiedendo che treni vengano scortati dalle forze dell\u2019ordine e se il caso anche l\u2019esercito, gi\u00e0 messo in campo durante il lockdown. Il titolare del Viminale per\u00f2, sembra non aver ancora risposto all\u2019appello. Con la Regione, secondo Lopes, i rapporti sono ben diversi, tanto da aver concertato la lettera al ministro con l\u2019ente ligure e Trenitalia.<\/p>\n","protected":false},"excerpt":{"rendered":"<p>&#8220;Se necessario venga impiegato anche l&#8217;esercito&#8221;<\/p>\n","protected":false},"author":10593,"featured_media":0,"comment_status":"open","ping_status":"closed","sticky":false,"template":"","format":"standard","meta":{"footnotes":""},"categories":[45296,34],"tags":[27585],"class_list":["post-504304","post","type-post","status-publish","format-standard","hentry","category-copertina","category-cronaca","tag-atti-vandalici","post_cat_citta-alassio","post_cat_citta-albenga","post_tag_personaggi-sebastiano-lopes"],"amp_validity":null,"amp_enabled":true,"_links":{"self":[{"href":"https:\/\/staging.ivg.it\/ediapi\/wp\/v2\/posts\/504304","targetHints":{"allow":["GET"]}}],"collection":[{"href":"https:\/\/staging.ivg.it\/ediapi\/wp\/v2\/posts"}],"about":[{"href":"https:\/\/staging.ivg.it\/ediapi\/wp\/v2\/types\/post"}],"author":[{"embeddable":true,"href":"https:\/\/staging.ivg.it\/ediapi\/wp\/v2\/users\/10593"}],"replies":[{"embeddable":true,"href":"https:\/\/staging.ivg.it\/ediapi\/wp\/v2\/comments?post=504304"}],"version-history":[{"count":0,"href":"https:\/\/staging.ivg.it\/ediapi\/wp\/v2\/posts\/504304\/revisions"}],"wp:attachment":[{"href":"https:\/\/staging.ivg.it\/ediapi\/wp\/v2\/media?parent=504304"}],"wp:term":[{"taxonomy":"category","embeddable":true,"href":"https:\/\/staging.ivg.it\/ediapi\/wp\/v2\/categories?post=504304"},{"taxonomy":"post_tag","embeddable":true,"href":"https:\/\/staging.ivg.it\/ediapi\/wp\/v2\/tags?post=504304"}],"curies":[{"name":"wp","href":"https:\/\/api.w.org\/{rel}","templated":true}]}}