{"id":504055,"date":"2020-08-06T15:42:35","date_gmt":"2020-08-06T13:42:35","guid":{"rendered":"http:\/\/www.ivg.it\/?p=504055"},"modified":"2020-08-06T15:42:35","modified_gmt":"2020-08-06T13:42:35","slug":"fase-3-coldiretti-bene-le-misure-di-regione-a-sostegno-dellagricoltura-ligure","status":"publish","type":"post","link":"https:\/\/staging.ivg.it\/2020\/08\/fase-3-coldiretti-bene-le-misure-di-regione-a-sostegno-dellagricoltura-ligure\/","title":{"rendered":"Fase 3, Coldiretti: &#8220;Bene le misure di Regione a sostegno dell&#8217;agricoltura ligure&#8221;"},"content":{"rendered":"<p><strong>Regione.<\/strong>\u00a0&#8220;Ristoro per le aziende agricole duramente colpite dal Coronavirus, possibilit\u00e0 di avvalersi di consulenza per aumentare la competitivit\u00e0 e professionalit\u00e0, investimenti in formazione e miglioramento aziendale: Regione Liguria ha accolto le richieste avanzate da Coldiretti Liguria per dare respiro al sistema e permettere alle imprese del territorio di continuare a lavorare e produrre le grandi eccellenze locali, fornendo una grande possibilit\u00e0 di rimessa in moto per tutta l&#8217;economia&#8221;.<\/p>\n<p>\u00c8 quanto annuncia Coldiretti Liguria, a seguito delle misure approvate durante l&#8217;ultima Giunta politica di Regione Liguria prima del silenzio istituzionale, nella quale, esaminate a fondo tutte le difficolt\u00e0 patite dal settore agroalimentare e florovivaistico locale, \u00e8 stata deliberata l&#8217;apertura di una misura ad hoc del PSR (M21) con la quale sar\u00e0 possibile erogare un sostegno eccezionale a fondo perduto a favore degli agricoltori particolarmente colpiti dalla crisi Covid-19.<\/p>\n<p>&#8220;Tra gli oltre 20 provvedimenti sull&#8217;agricoltura deliberati nella maxi-Giunta di ieri sera \u2013 prosegue la Coldiretti \u2013 c&#8217;\u00e8 anche l&#8217;attivazione di ulteriori due misure, una destinata alle imprese vitivinicole per lo stoccaggio del vino rimasto invenduto durante il lockdown e una misura che guarda al futuro volta a garantire alle imprese agricole consulenze specialistiche e assistenza tecnica in campo&#8221;.<\/p>\n<p>&#8220;Intervenire a supporto dell&#8217;intero settore agricolo &#8211; affermano il Presidente di Coldiretti Liguria Gianluca Boeri e il Delegato Confederale Bruno Rivarossa &#8211; \u00e8 l&#8217;unico modo per permettere alle imprese del territorio, e con esse alla nostra regione, di uscire il prima possibile dalla crisi generata dall&#8217;emergenza sanitaria, aprendo per il prossimo futuro nuove prospettive di sviluppo per i settori usciti, sicuramente provati, da questi difficili mesi, ma con forse una maggiore consapevolezza del valore che hanno acquistato le produzioni di qualit\u00e0. Il sostegno a fondo perduto, diretto e veloce alle imprese, come avevamo richiesto, seguir\u00e0 criteri di selezione obiettivi e non discriminatori, basandosi unicamente sui danni economici causati dai blocchi commerciali e delle attivit\u00e0 con conseguenze dirette e indirette sul settore, dimostrabili attraverso una perdita di fatturato rispetto allo stesso periodo dello scorso anno&#8221;.<\/p>\n<p>&#8220;Ma dal momento che non c&#8217;\u00e8 solo la crisi, un altro aspetto molto importante affrontato \u00e8 quello che riguarda la consulenza aziendale, che pu\u00f2 spingere le nostre imprese in una direzione di crescita, aumentando la competitivit\u00e0 sui mercati, facilitare il lavoro in campagna e permettere di mantenere sempre alto il livello qualitativo delle eccellenze che contraddistinguono la nostra regione\u00a0Ringraziamo Regione Liguria ed in particolar modo l&#8217;Assessore Stefano Mai per l&#8217;ascolto e il lavoro svolto in questi mesi per trovare strumenti, a nostro avviso, strategici in un momento dove la nostra agricoltura \u00e8 al centro della ripresa economica, avendo dimostrato, anche nel periodo di lockdown, il suo valore aggiunto in termini di sostenibilit\u00e0 e qualit\u00e0, e il suo ruolo quale volano per tutto l&#8217;indotto e la ripresa del nostro territorio&#8221; concludono.<\/p>\n","protected":false},"excerpt":{"rendered":"<p> Il sostegno a fondo perduto seguir\u00e0 criteri di selezione obiettivi e non discriminatori&#8221;<\/p>\n","protected":false},"author":17962,"featured_media":0,"comment_status":"open","ping_status":"closed","sticky":false,"template":"","format":"standard","meta":{"footnotes":""},"categories":[35,31],"tags":[560,1664,223],"class_list":["post-504055","post","type-post","status-publish","format-standard","hentry","category-economia","category-politica","tag-agricoltura","tag-coldiretti","tag-regione-liguria","post_tag_personaggi-bruno-rivarossa","post_tag_personaggi-gianluca-boeri"],"amp_validity":null,"amp_enabled":true,"_links":{"self":[{"href":"https:\/\/staging.ivg.it\/ediapi\/wp\/v2\/posts\/504055","targetHints":{"allow":["GET"]}}],"collection":[{"href":"https:\/\/staging.ivg.it\/ediapi\/wp\/v2\/posts"}],"about":[{"href":"https:\/\/staging.ivg.it\/ediapi\/wp\/v2\/types\/post"}],"author":[{"embeddable":true,"href":"https:\/\/staging.ivg.it\/ediapi\/wp\/v2\/users\/17962"}],"replies":[{"embeddable":true,"href":"https:\/\/staging.ivg.it\/ediapi\/wp\/v2\/comments?post=504055"}],"version-history":[{"count":0,"href":"https:\/\/staging.ivg.it\/ediapi\/wp\/v2\/posts\/504055\/revisions"}],"wp:attachment":[{"href":"https:\/\/staging.ivg.it\/ediapi\/wp\/v2\/media?parent=504055"}],"wp:term":[{"taxonomy":"category","embeddable":true,"href":"https:\/\/staging.ivg.it\/ediapi\/wp\/v2\/categories?post=504055"},{"taxonomy":"post_tag","embeddable":true,"href":"https:\/\/staging.ivg.it\/ediapi\/wp\/v2\/tags?post=504055"}],"curies":[{"name":"wp","href":"https:\/\/api.w.org\/{rel}","templated":true}]}}