{"id":503970,"date":"2020-08-05T17:49:15","date_gmt":"2020-08-05T15:49:15","guid":{"rendered":"http:\/\/www.ivg.it\/?p=503970"},"modified":"2020-08-05T17:49:15","modified_gmt":"2020-08-05T15:49:15","slug":"regione-edilizia-oltre-2-mln-a-favore-di-136-comuni-per-il-sostegno-allaffitto","status":"publish","type":"post","link":"https:\/\/staging.ivg.it\/2020\/08\/regione-edilizia-oltre-2-mln-a-favore-di-136-comuni-per-il-sostegno-allaffitto\/","title":{"rendered":"Regione, edilizia: oltre 2 mln a favore di 136 comuni per il sostegno all&#8217;affitto"},"content":{"rendered":"<p><strong>Regione.<\/strong> La Giunta regionale, su proposta dell&#8217;assessore all&#8217;Edilizia Marco Scajola, ha approvato il riparto delle risorse del Fondo nazionale per il sostegno all&#8217;accesso alle abitazioni in locazione, stanziando cos\u00ec 2 milioni e 159 mila a favore di 136 comuni liguri.<\/p>\n<p>&#8220;Si tratta di risorse che si vanno ad aggiungere al milione e 700 mila euro a favore dei 23 comuni ad alta tensione abitativa per la cosiddetta &#8220;morosit\u00e0 incolpevole&#8221;, cio\u00e8 per le famiglie che non riescono a pagare l&#8217;affitto per sopravvenute e gravi difficolt\u00e0 \u2013 spiega l&#8217;assessore Scajola \u2013 La Giunta, in accordo con Anci Liguria, ha deciso di ampliare la platea dei Comuni finanziati anche per venire incontro alle maggiori esigenze create dall&#8217;emergenza sanitaria&#8221;.<\/p>\n<p>Ai Comuni \u00e8 stato richiesto di comunicare il proprio fabbisogno aggiornato ed \u00e8 stata data la possibilit\u00e0 di varare un bando per il sostegno agli affitti anche in forma coordinata con il Fondo inquilini morosi incolpevoli, in considerazione dell&#8217;attuale situazione emergenziale dovuta all&#8217;epidemia di coronavirus.\u00a0Il fondo \u00e8 stato ripartito per il 50% sulla base del fabbisogno comunicato dei Comuni e per il 50% sulla base della popolazione residente al 1\u00b0 gennaio 2019.<\/p>\n<p>&#8220;Il riparto di queste risorse, effettuato nell&#8217;ultima giunta ordinaria della legislatura \u2013 aggiunge Scajola &#8211; \u00e8 stato esteso su nostra iniziativa, in piena collaborazione con ANCI ed i Comuni liguri, per far fronte alla difficolt\u00e0 di molte famiglie che non riescono a pagare l&#8217;affitto per le difficolt\u00e0 causate dalla pandemia. In questi mesi abbiamo messo a disposizioni risorse importanti e diversi strumenti per venire incontro alle fasce pi\u00f9 deboli della popolazione. Dal taglio degli affitti e delle spese nei mesi di aprile e maggio per gli affittuari delle case popolari, alle risorse per la morosit\u00e0 incolpevole destinata ai comuni maggiori e, infine, a queste ultime risorse che saranno destinate anche ai comuni medio-piccoli di tutta la Regione&#8221;.<\/p>\n<p>&#8220;Abbiamo adottato &#8211; conclude Scajola &#8211; un criterio trasparente e equilibrato che potr\u00e0 essere utilizzato anche in futuro per distribuire gli ulteriori fondi che come Conferenza delle Regioni abbiamo richiesto al Ministero e che confidiamo verranno messi a disposizione al pi\u00f9 presto&#8221;.<\/p>\n","protected":false},"excerpt":{"rendered":"<p>L&#8217;assessore Scajola: &#8220;Aiutiamo le famiglie in difficolt\u00e0 a causa del Coronavirus&#8221;<\/p>\n","protected":false},"author":17962,"featured_media":0,"comment_status":"open","ping_status":"closed","sticky":false,"template":"","format":"standard","meta":{"footnotes":""},"categories":[31],"tags":[1398],"class_list":["post-503970","post","type-post","status-publish","format-standard","hentry","category-politica","tag-edilizia","post_tag_personaggi-marco-scajola-2"],"amp_validity":null,"amp_enabled":true,"_links":{"self":[{"href":"https:\/\/staging.ivg.it\/ediapi\/wp\/v2\/posts\/503970","targetHints":{"allow":["GET"]}}],"collection":[{"href":"https:\/\/staging.ivg.it\/ediapi\/wp\/v2\/posts"}],"about":[{"href":"https:\/\/staging.ivg.it\/ediapi\/wp\/v2\/types\/post"}],"author":[{"embeddable":true,"href":"https:\/\/staging.ivg.it\/ediapi\/wp\/v2\/users\/17962"}],"replies":[{"embeddable":true,"href":"https:\/\/staging.ivg.it\/ediapi\/wp\/v2\/comments?post=503970"}],"version-history":[{"count":0,"href":"https:\/\/staging.ivg.it\/ediapi\/wp\/v2\/posts\/503970\/revisions"}],"wp:attachment":[{"href":"https:\/\/staging.ivg.it\/ediapi\/wp\/v2\/media?parent=503970"}],"wp:term":[{"taxonomy":"category","embeddable":true,"href":"https:\/\/staging.ivg.it\/ediapi\/wp\/v2\/categories?post=503970"},{"taxonomy":"post_tag","embeddable":true,"href":"https:\/\/staging.ivg.it\/ediapi\/wp\/v2\/tags?post=503970"}],"curies":[{"name":"wp","href":"https:\/\/api.w.org\/{rel}","templated":true}]}}