{"id":503923,"date":"2020-08-05T13:09:23","date_gmt":"2020-08-05T11:09:23","guid":{"rendered":"http:\/\/www.ivg.it\/?p=503923"},"modified":"2020-08-05T21:13:18","modified_gmt":"2020-08-05T19:13:18","slug":"calciomercato-gabriele-balleri-ancora-allalbenga-altri-due-portieri-per-il-vadino","status":"publish","type":"post","link":"https:\/\/staging.ivg.it\/2020\/08\/calciomercato-gabriele-balleri-ancora-allalbenga-altri-due-portieri-per-il-vadino\/","title":{"rendered":"Calciomercato: Gabriele Balleri ancora all&#8217;Albenga, altri due portieri per il Vadino"},"content":{"rendered":"<p><strong>Albenga.<\/strong> Ancora una giornata di novit\u00e0 nel comprensorio ingauno.<\/p>\n<p>L&#8217;<strong>Asd Albenga 1928<\/strong>, in vista della stagione calcistica 2020\/2021 nella quale disputer\u00e0 il campionato di <strong>Eccellenza,<\/strong> comunica di aver perfezionato l\u2019accordo per le prestazioni sportive di <strong>Gabriele Balleri<\/strong>, difensore classe 2000.<\/p>\n<p>Balleri, cresciuto nelle giovanili del Livorno, torna all\u2019Annibale Riva dopo l\u2019esperienza in prestito vissuta nella seconda parte della stagione scorsa: arriv\u00f2 a meta dicembre dopo aver iniziato l&#8217;annata sportiva nel Ligorna. &#8220;A Gabriele va il pi\u00f9 caloroso bentornato da parte della presidente Claudia Fantino e di tutta la societ\u00e0&#8221; scrive il sodalizio bianconero.<\/p>\n<p>In<strong> Seconda Categoria<\/strong>, due nuovi portieri per il <strong>Vadino.<\/strong> Si tratta di <strong>Massimo Serventi,<\/strong> classe 1994 che, dopo numerose stagioni al Pontelungo, l&#8217;anno passato aveva giocato nel Soccer Borghetto, e<strong> Stefano Sinopoli,<\/strong> classe 1994, ex Pontelungo e San Filippo Neri, anch&#8217;egli la scorsa stagione con i biancorossi.<\/p>\n<p>Altri due arrivi alla <strong>Villanovese<\/strong>: <strong>Luca Fallabrino<\/strong>, centrocampista leva 2000, ex Alassio FC e Albenga, ed<strong> Engel Immordino,<\/strong> difensore leva 1996, ex Andora, Pontelungo e San Filippo Neri.<\/p>\n","protected":false},"excerpt":{"rendered":"<p>Due ulteriori innesti per la Villanovese<\/p>\n","protected":false},"author":18,"featured_media":0,"comment_status":"open","ping_status":"closed","sticky":false,"template":"","format":"standard","meta":{"footnotes":""},"categories":[45296,182,32],"tags":[85841,85989,569,450,86015,3453],"class_list":["post-503923","post","type-post","status-publish","format-standard","hentry","category-copertina","category-calcio","category-sport","tag-albenga","tag-calcio","tag-eccellenza","tag-seconda-categoria","tag-vadino","tag-villanovese","post_cat_citta-albenga","post_cat_citta-villanova-dalbenga"],"amp_validity":null,"amp_enabled":true,"_links":{"self":[{"href":"https:\/\/staging.ivg.it\/ediapi\/wp\/v2\/posts\/503923","targetHints":{"allow":["GET"]}}],"collection":[{"href":"https:\/\/staging.ivg.it\/ediapi\/wp\/v2\/posts"}],"about":[{"href":"https:\/\/staging.ivg.it\/ediapi\/wp\/v2\/types\/post"}],"author":[{"embeddable":true,"href":"https:\/\/staging.ivg.it\/ediapi\/wp\/v2\/users\/18"}],"replies":[{"embeddable":true,"href":"https:\/\/staging.ivg.it\/ediapi\/wp\/v2\/comments?post=503923"}],"version-history":[{"count":0,"href":"https:\/\/staging.ivg.it\/ediapi\/wp\/v2\/posts\/503923\/revisions"}],"wp:attachment":[{"href":"https:\/\/staging.ivg.it\/ediapi\/wp\/v2\/media?parent=503923"}],"wp:term":[{"taxonomy":"category","embeddable":true,"href":"https:\/\/staging.ivg.it\/ediapi\/wp\/v2\/categories?post=503923"},{"taxonomy":"post_tag","embeddable":true,"href":"https:\/\/staging.ivg.it\/ediapi\/wp\/v2\/tags?post=503923"}],"curies":[{"name":"wp","href":"https:\/\/api.w.org\/{rel}","templated":true}]}}