{"id":50391,"date":"2009-02-17T14:14:41","date_gmt":"2009-02-17T13:14:41","guid":{"rendered":"http:\/\/www.ivg.it\/?p=50391"},"modified":"2009-02-18T11:27:04","modified_gmt":"2009-02-18T10:27:04","slug":"ceriale-anziana-invalida-imminente-lo-sfratto","status":"publish","type":"post","link":"https:\/\/staging.ivg.it\/2009\/02\/ceriale-anziana-invalida-imminente-lo-sfratto\/","title":{"rendered":"Ceriale, anziana invalida: imminente lo sfratto"},"content":{"rendered":"<p><strong>[thumb:10665:l]Ceriale<\/strong>. Il prossimo 31 marzo l&#8217;ufficiale giudiziario si presenter\u00e0 alla porta di Gotilde Valenti, la cerialese di 72 anni, invalida all&#8217;80 per cento e debole di salute, la cui emergenza abitativa (anticipata da IVG.it lo scorso settembre) non sembra ancora trovare adeguata soluzione. Alla fine del mese prossimo lo sfratto sar\u00e0 eseguito senza ulteriori indugi e l&#8217;anziana dovr\u00e0 lasciare l&#8217;alloggio di via Magnone sinora occupato.<\/p>\n<p>I servizi sociali del Comune di Ceriale hanno individuato un nuovo appartamento per la donna, in via Campo Sportivo, proponendole la stipula del contratto di locazione. La signora Gotilde, per\u00f2, affetta da gravi problemi di deambulazione, non \u00e8 soddisfatta di un alloggio al secondo piano. &#8220;L&#8217;ascensore non si pu\u00f2 usare perch\u00e9 mancano le maniglie &#8211; dice &#8211; ed \u00e8 lontanissimo dal centro. Il lampione davanti al portone d&#8217;ingresso \u00e8 rotto da un mese, quindi di notte non c&#8217;\u00e8 illuminazione. Le scale hanno gradini sbeccati e ci sono mattonelle traballanti&#8221;.<\/p>\n<p>I familiari della donna fanno notare che l&#8217;ascensore non ha una larghezza tale da consentire l&#8217;entrata di una sedia a rotelle e che l&#8217;accesso sarebbe disagevole anche con le stampelle. Sottolineano poi che il cortile antistante presenta una rampa di accesso con disconnessioni e buche (nella foto). Secondo i parenti, inoltre, &#8220;non si capisce come mai non viene applicato il regolamento dei servizi sociali assegnando una sistemaziona temporanea, tenuto conto che saranno disponibili sette alloggi nuovi di edilizia pubblica entro fine anno e che due alloggi da assegnare temporaneamente per un massimo di due anni sono liberi e disponibili in quanto di propriet\u00e0 del Comune&#8221;.<\/p>\n<p>I servizi sociali, per contro, constatato lo stato di bisogno, ritengono l&#8217;unit\u00e0 immobiliare adatta alle esigenze e hanno invitato la settantaduenne a decidersi per la stipula del contratto, restando inteso &#8211; ha specificato l&#8217;ufficio comunale &#8211; che in caso di rifiuto da parte dell&#8217;interessata &#8220;l&#8217;amministrazione non interverr\u00e0 ulteriormente, vista l&#8217;assoluta adeguatezza di quanto proposto&#8221;.<\/p>\n","protected":false},"excerpt":{"rendered":"<p>[thumb:10665:l]Ceriale. Il prossimo 31 marzo l&#8217;ufficiale giudiziario si presenter\u00e0 alla porta di Gotilde Valenti, la cerialese di 72 anni, invalida all&#8217;80 per cento e debole di salute, la cui emergenza abitativa (anticipata da IVG.it lo scorso settembre) non sembra ancora trovare adeguata soluzione. Alla fine del mese prossimo lo sfratto sar\u00e0 eseguito senza ulteriori indugi [&hellip;]<\/p>\n","protected":false},"author":5,"featured_media":0,"comment_status":"open","ping_status":"closed","sticky":false,"template":"","format":"standard","meta":{"footnotes":""},"categories":[34],"tags":[1634,3084,1835,1633],"class_list":["post-50391","post","type-post","status-publish","format-standard","hentry","category-cronaca","tag-emergenza-abitativa","tag-invalidita","tag-servizi-sociali","tag-sfratto","post_cat_citta-ceriale"],"amp_validity":null,"amp_enabled":true,"_links":{"self":[{"href":"https:\/\/staging.ivg.it\/ediapi\/wp\/v2\/posts\/50391","targetHints":{"allow":["GET"]}}],"collection":[{"href":"https:\/\/staging.ivg.it\/ediapi\/wp\/v2\/posts"}],"about":[{"href":"https:\/\/staging.ivg.it\/ediapi\/wp\/v2\/types\/post"}],"author":[{"embeddable":true,"href":"https:\/\/staging.ivg.it\/ediapi\/wp\/v2\/users\/5"}],"replies":[{"embeddable":true,"href":"https:\/\/staging.ivg.it\/ediapi\/wp\/v2\/comments?post=50391"}],"version-history":[{"count":0,"href":"https:\/\/staging.ivg.it\/ediapi\/wp\/v2\/posts\/50391\/revisions"}],"wp:attachment":[{"href":"https:\/\/staging.ivg.it\/ediapi\/wp\/v2\/media?parent=50391"}],"wp:term":[{"taxonomy":"category","embeddable":true,"href":"https:\/\/staging.ivg.it\/ediapi\/wp\/v2\/categories?post=50391"},{"taxonomy":"post_tag","embeddable":true,"href":"https:\/\/staging.ivg.it\/ediapi\/wp\/v2\/tags?post=50391"}],"curies":[{"name":"wp","href":"https:\/\/api.w.org\/{rel}","templated":true}]}}